{"id":4184,"date":"2025-07-17T08:53:22","date_gmt":"2025-07-17T11:53:22","guid":{"rendered":"https:\/\/elfaroonline.com.ar\/?p=4184"},"modified":"2025-07-17T08:53:22","modified_gmt":"2025-07-17T11:53:22","slug":"paritaria-gobierno-y-gremios-estatales-acordaron-aumentos-cada-dos-meses-adicional-de-80-000-y-una-suma-extraordinaria","status":"publish","type":"post","link":"https:\/\/elfaroonline.com.ar\/index.php\/2025\/07\/17\/paritaria-gobierno-y-gremios-estatales-acordaron-aumentos-cada-dos-meses-adicional-de-80-000-y-una-suma-extraordinaria\/","title":{"rendered":"Paritaria: Gobierno y gremios estatales acordaron aumentos cada dos meses, adicional de $80.000 y una suma extraordinaria"},"content":{"rendered":"<p class=\"v1MsoNormal\"><i>El nuevo salario m\u00ednimo neto garantizado ser\u00e1 de $800.000.<\/i><\/p>\n<p class=\"v1MsoNormal\">El Gobierno sell\u00f3 un nuevo acuerdo salarial con los gremios ATE y UPCN con el objetivo de seguir recomponiendo los ingresos de los empleados p\u00fablicos catamarque\u00f1os y garantizar el poder adquisitivo en el complejo contexto econ\u00f3mico.<\/p>\n<p class=\"v1MsoNormal\">Mediante este nuevo acuerdo, se garantiza que los trabajadores p\u00fablicos percibir\u00e1n a lo largo del a\u00f1o incrementos de acuerdo a la variaci\u00f3n del \u00cdndice de Precios al Consumidor (IPC INDEC).<\/p>\n<p class=\"v1MsoNormal\">A partir de septiembre los salarios se actualizar\u00e1n de manera bimestral y acumulativa seg\u00fan la variaci\u00f3n mencionada en los siguientes meses:<\/p>\n<p class=\"v1MsoNormal\">-Septiembre 2025: actualizaci\u00f3n seg\u00fan el IPC de julio y agosto.<\/p>\n<p class=\"v1MsoNormal\">-Noviembre 2025: actualizaci\u00f3n seg\u00fan el IPC de septiembre y octubre.<\/p>\n<p class=\"v1MsoNormal\">-Enero 2026: actualizaci\u00f3n seg\u00fan el IPC de noviembre y diciembre.<\/p>\n<p class=\"v1MsoNormal\"><b>Adicionales<\/b><\/p>\n<p class=\"v1MsoNormal\">Las partes acordaron un adicional de $80.000 que se distribuir\u00e1 a partir de los haberes del mes de julio a cobrar en agosto. La distribuci\u00f3n, es la siguiente:<\/p>\n<p class=\"v1MsoNormal\">-Adicional no remunerativo de $60.000 a partir de los haberes de julio de 2025, elevando el salario m\u00ednimo neto garantizado a $780.000.<\/p>\n<p class=\"v1MsoNormal\">-Dicho adicional se incrementar\u00e1 en $20.000 m\u00e1s desde septiembre, <b>alcanzando un nuevo salario m\u00ednimo neto garantizado de $800.000.<\/b><\/p>\n<p class=\"v1MsoNormal\"><b>Suma extraordinaria <\/b><\/p>\n<p class=\"v1MsoNormal\">Adem\u00e1s, en un esfuerzo financiero y econ\u00f3mico del Gobierno provincial, se dispuso el pago de una suma extraordinaria, no remunerativa ni bonificable, por \u00fanica vez, de $60.000, que se liquidar\u00e1 el pr\u00f3ximo martes 22 de julio.<\/p>\n<p class=\"v1MsoNormal\">Las partes acordaron volver a reunirse en la primera semana de noviembre para el monitoreo de la pauta salarial acordada.<\/p>\n","protected":false},"excerpt":{"rendered":"<p>El nuevo salario m\u00ednimo neto garantizado ser\u00e1 de $800.000. El Gobierno sell\u00f3 un nuevo acuerdo salarial con los gremios ATE y UPCN con el objetivo de seguir recomponiendo los ingresos de los empleados p\u00fablicos catamarque\u00f1os y garantizar el poder adquisitivo en el complejo contexto econ\u00f3mico. Mediante este nuevo acuerdo, se garantiza que los trabajadores p\u00fablicos [&hellip;]<\/p>\n","protected":false},"author":2,"featured_media":4185,"comment_status":"open","ping_status":"open","sticky":false,"template":"","format":"standard","meta":{"footnotes":""},"categories":[23,21],"tags":[],"class_list":{"0":"post-4184","1":"post","2":"type-post","3":"status-publish","4":"format-standard","5":"has-post-thumbnail","7":"category-destacados","8":"category-politica"},"aioseo_notices":[],"_links":{"self":[{"href":"https:\/\/elfaroonline.com.ar\/index.php\/wp-json\/wp\/v2\/posts\/4184","targetHints":{"allow":["GET"]}}],"collection":[{"href":"https:\/\/elfaroonline.com.ar\/index.php\/wp-json\/wp\/v2\/posts"}],"about":[{"href":"https:\/\/elfaroonline.com.ar\/index.php\/wp-json\/wp\/v2\/types\/post"}],"author":[{"embeddable":true,"href":"https:\/\/elfaroonline.com.ar\/index.php\/wp-json\/wp\/v2\/users\/2"}],"replies":[{"embeddable":true,"href":"https:\/\/elfaroonline.com.ar\/index.php\/wp-json\/wp\/v2\/comments?post=4184"}],"version-history":[{"count":1,"href":"https:\/\/elfaroonline.com.ar\/index.php\/wp-json\/wp\/v2\/posts\/4184\/revisions"}],"predecessor-version":[{"id":4186,"href":"https:\/\/elfaroonline.com.ar\/index.php\/wp-json\/wp\/v2\/posts\/4184\/revisions\/4186"}],"wp:featuredmedia":[{"embeddable":true,"href":"https:\/\/elfaroonline.com.ar\/index.php\/wp-json\/wp\/v2\/media\/4185"}],"wp:attachment":[{"href":"https:\/\/elfaroonline.com.ar\/index.php\/wp-json\/wp\/v2\/media?parent=4184"}],"wp:term":[{"taxonomy":"category","embeddable":true,"href":"https:\/\/elfaroonline.com.ar\/index.php\/wp-json\/wp\/v2\/categories?post=4184"},{"taxonomy":"post_tag","embeddable":true,"href":"https:\/\/elfaroonline.com.ar\/index.php\/wp-json\/wp\/v2\/tags?post=4184"}],"curies":[{"name":"wp","href":"https:\/\/api.w.org\/{rel}","templated":true}]}}