{"id":4187,"date":"2025-07-17T08:53:00","date_gmt":"2025-07-17T11:53:00","guid":{"rendered":"https:\/\/elfaroonline.com.ar\/?p=4187"},"modified":"2025-07-17T08:53:00","modified_gmt":"2025-07-17T11:53:00","slug":"filtraciones-en-el-juicio-por-ypf-la-procuracion-del-tesoro-confirmo-que-despidio-a-mas-de-60-funcionarios-y-que-reducira-areas-tecnicas","status":"publish","type":"post","link":"https:\/\/elfaroonline.com.ar\/index.php\/2025\/07\/17\/filtraciones-en-el-juicio-por-ypf-la-procuracion-del-tesoro-confirmo-que-despidio-a-mas-de-60-funcionarios-y-que-reducira-areas-tecnicas\/","title":{"rendered":"Filtraciones en el juicio por YPF: la Procuraci\u00f3n del Tesoro confirm\u00f3 que despidi\u00f3 a m\u00e1s de 60 funcionarios y que reducir\u00e1 \u00e1reas t\u00e9cnicas"},"content":{"rendered":"<p>La Procuraci\u00f3n del Tesoro Nacional (PTN), el organismo que nuclea a los abogados del Estado, anunci\u00f3 una fuerte reestructuraci\u00f3n que incluy\u00f3 el despido de m\u00e1s de 60 funcionarios y la reducci\u00f3n de \u00e1reas t\u00e9cnicas.<\/p>\n<p>Sin embargo, el organismo no hizo ninguna referencia a esos hechos en el comunicado en el que anunci\u00f3 los cambios. S\u00ed, habl\u00f3 de que se eliminaron \u201clujos jer\u00e1rquicos\u201d.<\/p>\n<p>\u201cLa Procuraci\u00f3n del Tesoro de la Naci\u00f3n (PTN) pone en marcha inmediata una profunda reestructuraci\u00f3n institucional para eficientizar su funcionamiento operativo y contribuir a la reducci\u00f3n del gasto p\u00fablico, en el marco de los lineamientos establecidos por la Ley de Bases y Puntos de Partida para la Libertad de los Argentinos, orientada a consolidar una administraci\u00f3n p\u00fablica m\u00e1s \u00e1gil, moderna y efectiva\u201d, destac\u00f3 el organismo que preside <b>Santiago Castro Videla<\/b>.<\/p>\n<p>La PTN, la encargada de gestionar la causa por YPF y otras en estrados internacionales, destac\u00f3 que realiza un \u201crecorte hist\u00f3rico de personal con m\u00e1s de 60 desvinculaciones y una dr\u00e1stica reducci\u00f3n de \u00e1reas t\u00e9cnicas\u201d que pretende \u201cfortalecer la eficiencia operativa del organismo, garantizar un uso responsable de los recursos y adecuar su estructura a los principios de austeridad, profesionalismo y resultados concretos\u201d.<\/p>\n<p class=\"paragraph\" data-mrf-recirculation=\"Links inline\">La Procuraci\u00f3n que detalla que ya redujo su personal en m\u00e1s de un 20% desde la llegada de esta gesti\u00f3n en febrero del 2025 \u2013el titular anterior durante este Gobierno fue <b>Rodolfo Barra<\/b>\u2013 pasar\u00e1 de seis a cuatro Direcciones Nacionales y disolver\u00e1 la Escuela del Cuerpo de Abogados del Estado. \u201cEsto \u00faltimo, para limitar la tarea de capacitaci\u00f3n del organismo estrictamente al fortalecimiento de la Abogac\u00eda P\u00fablica y la difusi\u00f3n de la doctrina jur\u00eddica de la PTN. Esta tarea ser\u00e1 asumida por un centro que contar\u00e1 con menos de un tercio del personal con el que contaba la Escuela y que sosten\u00eda la vieja administraci\u00f3n\u201d, se explic\u00f3.<\/p>\n<p class=\"paragraph\" data-mrf-recirculation=\"Links inline\">\u201cEntre los principales cambios se destaca la reducci\u00f3n de unidades jer\u00e1rquicas innecesarias, la reorganizaci\u00f3n de funciones superpuestas y la reasignaci\u00f3n de competencias estrat\u00e9gicas. Con una nueva pol\u00edtica de ahorro y reasignaci\u00f3n de recursos se han reducido desde el inicio de la gesti\u00f3n las comitivas y gastos en viajes oficiales\u201d, agreg\u00f3 la PTN.<\/p>\n<p class=\"paragraph\" data-mrf-recirculation=\"Links inline\">Sobre c\u00f3mo seguir\u00e1 funcionando de manera operativa el cuerpo de abogados del Estado, se explic\u00f3 que se mantendr\u00e1n mediante la reasignaci\u00f3n interna de funciones que anteriormente eran tercerizadas. E hicieron referencia a que eso <b>\u201crefleja una gesti\u00f3n m\u00e1s austera y autosuficiente, abocada a sus competencias concretas y sin lujos jer\u00e1rquicos\u201d<\/b>.<\/p>\n<p class=\"paragraph\" data-mrf-recirculation=\"Links inline\">Esta tarde trascendi\u00f3 en la Rosada que, en las \u00faltimas semanas <b>hubo preocupaci\u00f3n en las filas de la Procuraci\u00f3n por diferentes asuntos relativos a la estrategia judicial que se revelaban <\/b>sin haber sido autorizadas por los altos mandos del organismo, que no se caracteriza por ese tipo de manejos, ya que puede comprometer el normal desenvolvimiento de la posici\u00f3n argentina en ciertos litigios de alta sensibilidad.<\/p>\n<p class=\"paragraph\" data-mrf-recirculation=\"Links inline\">Aunque la venta de informaci\u00f3n habr\u00eda sucedido, en el Gobierno optaron por no ratificarlo en p\u00fablico debido a que eso implicar\u00eda generar mayor ruido a todo el proceso. Tampoco se detall\u00f3 qu\u00e9 tipo de archivos o datos se habr\u00edan filtrado, pero se cree que podr\u00edan haber terminado en las oficinas de los beneficiarios de la demanda.<\/p>\n<p class=\"paragraph\" data-mrf-recirculation=\"Links inline\">\u201cEl Procurador Castro Videla <b>est\u00e1 haciendo una purga<\/b>, estamos hablando de un organismo que maneja causas que cuestan muchos millones de d\u00f3lares\u201d, hab\u00eda asegurado esta tarde en el Gobierno.<\/p>\n","protected":false},"excerpt":{"rendered":"<p>La Procuraci\u00f3n del Tesoro Nacional (PTN), el organismo que nuclea a los abogados del Estado, anunci\u00f3 una fuerte reestructuraci\u00f3n que incluy\u00f3 el despido de m\u00e1s de 60 funcionarios y la reducci\u00f3n de \u00e1reas t\u00e9cnicas. Sin embargo, el organismo no hizo ninguna referencia a esos hechos en el comunicado en el que anunci\u00f3 los cambios. S\u00ed, [&hellip;]<\/p>\n","protected":false},"author":2,"featured_media":4188,"comment_status":"open","ping_status":"open","sticky":false,"template":"","format":"standard","meta":{"footnotes":""},"categories":[22],"tags":[],"class_list":{"0":"post-4187","1":"post","2":"type-post","3":"status-publish","4":"format-standard","5":"has-post-thumbnail","7":"category-nacionales"},"aioseo_notices":[],"_links":{"self":[{"href":"https:\/\/elfaroonline.com.ar\/index.php\/wp-json\/wp\/v2\/posts\/4187","targetHints":{"allow":["GET"]}}],"collection":[{"href":"https:\/\/elfaroonline.com.ar\/index.php\/wp-json\/wp\/v2\/posts"}],"about":[{"href":"https:\/\/elfaroonline.com.ar\/index.php\/wp-json\/wp\/v2\/types\/post"}],"author":[{"embeddable":true,"href":"https:\/\/elfaroonline.com.ar\/index.php\/wp-json\/wp\/v2\/users\/2"}],"replies":[{"embeddable":true,"href":"https:\/\/elfaroonline.com.ar\/index.php\/wp-json\/wp\/v2\/comments?post=4187"}],"version-history":[{"count":1,"href":"https:\/\/elfaroonline.com.ar\/index.php\/wp-json\/wp\/v2\/posts\/4187\/revisions"}],"predecessor-version":[{"id":4189,"href":"https:\/\/elfaroonline.com.ar\/index.php\/wp-json\/wp\/v2\/posts\/4187\/revisions\/4189"}],"wp:featuredmedia":[{"embeddable":true,"href":"https:\/\/elfaroonline.com.ar\/index.php\/wp-json\/wp\/v2\/media\/4188"}],"wp:attachment":[{"href":"https:\/\/elfaroonline.com.ar\/index.php\/wp-json\/wp\/v2\/media?parent=4187"}],"wp:term":[{"taxonomy":"category","embeddable":true,"href":"https:\/\/elfaroonline.com.ar\/index.php\/wp-json\/wp\/v2\/categories?post=4187"},{"taxonomy":"post_tag","embeddable":true,"href":"https:\/\/elfaroonline.com.ar\/index.php\/wp-json\/wp\/v2\/tags?post=4187"}],"curies":[{"name":"wp","href":"https:\/\/api.w.org\/{rel}","templated":true}]}}