{"id":4193,"date":"2025-07-17T09:04:27","date_gmt":"2025-07-17T12:04:27","guid":{"rendered":"https:\/\/elfaroonline.com.ar\/?p=4193"},"modified":"2025-07-17T09:04:27","modified_gmt":"2025-07-17T12:04:27","slug":"el-gobierno-acordo-con-los-viales-incremento-salarial-y-bono-extraordinario","status":"publish","type":"post","link":"https:\/\/elfaroonline.com.ar\/index.php\/2025\/07\/17\/el-gobierno-acordo-con-los-viales-incremento-salarial-y-bono-extraordinario\/","title":{"rendered":"El Gobierno acord\u00f3 con los viales incremento salarial y bono extraordinario"},"content":{"rendered":"<div dir=\"ltr\">\n<p class=\"v1MsoNormal\">En el marco de las reuniones paritarias que lleva adelante el Gobierno provincial con los distintos sectores p\u00fablicos, este mi\u00e9rcoles se firm\u00f3 un acuerdo de incremento salarial con el Sindicato del Personal de Vialidad Provincial de Catamarca (SPVPC).<\/p>\n<p class=\"v1MsoNormal\">Uno de los puntos del acuerdo establece un incremento del 4% en el punto \u00edndice vial, a aplicarse sobre los haberes de julio con base en los salarios de junio.<\/p>\n<p class=\"v1MsoNormal\">Por otra parte, se acord\u00f3 modificar la base de c\u00e1lculo del adicional por antig\u00fcedad, elev\u00e1ndose del 2% actual al 2,5%, a partir del 1 de julio de 2025.<\/p>\n<p class=\"v1MsoNormal\">Asimismo, se defini\u00f3 una cl\u00e1usula de actualizaci\u00f3n salarial por inflaci\u00f3n que se ajustar\u00e1 de forma bimestral y acumulativa de acuerdo con el \u00cdndice de Precios al Consumidor (IPC) publicado por el INDEC. El esquema ser\u00e1 el siguiente:<\/p>\n<p class=\"v1MsoNormal\">-En septiembre, se tomar\u00e1 el IPC de julio y agosto.<\/p>\n<p class=\"v1MsoNormal\">-En noviembre, se aplicar\u00e1 el IPC de septiembre y octubre.<\/p>\n<p class=\"v1MsoNormal\">-En enero de 2026, se usar\u00e1 el IPC de noviembre y diciembre.<\/p>\n<p class=\"v1MsoNormal\"><b>Bono <\/b><\/p>\n<p class=\"v1MsoNormal\">Los trabajadores viales tambi\u00e9n percibir\u00e1n una suma no remunerativa, no bonificable y por \u00fanica vez de $60.000 a liquidarse el pr\u00f3ximo martes 22 de julio.<\/p>\n<p class=\"v1MsoNormal\">Finalmente, las partes acordaron volver a reunirse en la primera semana de noviembre para monitorear la pauta salarial vigente y evaluar posibles actualizaciones.<\/p>\n<\/div>\n","protected":false},"excerpt":{"rendered":"<p>En el marco de las reuniones paritarias que lleva adelante el Gobierno provincial con los distintos sectores p\u00fablicos, este mi\u00e9rcoles se firm\u00f3 un acuerdo de incremento salarial con el Sindicato del Personal de Vialidad Provincial de Catamarca (SPVPC). Uno de los puntos del acuerdo establece un incremento del 4% en el punto \u00edndice vial, a [&hellip;]<\/p>\n","protected":false},"author":2,"featured_media":4194,"comment_status":"open","ping_status":"open","sticky":false,"template":"","format":"standard","meta":{"footnotes":""},"categories":[20],"tags":[],"class_list":{"0":"post-4193","1":"post","2":"type-post","3":"status-publish","4":"format-standard","5":"has-post-thumbnail","7":"category-sociedad"},"aioseo_notices":[],"_links":{"self":[{"href":"https:\/\/elfaroonline.com.ar\/index.php\/wp-json\/wp\/v2\/posts\/4193","targetHints":{"allow":["GET"]}}],"collection":[{"href":"https:\/\/elfaroonline.com.ar\/index.php\/wp-json\/wp\/v2\/posts"}],"about":[{"href":"https:\/\/elfaroonline.com.ar\/index.php\/wp-json\/wp\/v2\/types\/post"}],"author":[{"embeddable":true,"href":"https:\/\/elfaroonline.com.ar\/index.php\/wp-json\/wp\/v2\/users\/2"}],"replies":[{"embeddable":true,"href":"https:\/\/elfaroonline.com.ar\/index.php\/wp-json\/wp\/v2\/comments?post=4193"}],"version-history":[{"count":1,"href":"https:\/\/elfaroonline.com.ar\/index.php\/wp-json\/wp\/v2\/posts\/4193\/revisions"}],"predecessor-version":[{"id":4195,"href":"https:\/\/elfaroonline.com.ar\/index.php\/wp-json\/wp\/v2\/posts\/4193\/revisions\/4195"}],"wp:featuredmedia":[{"embeddable":true,"href":"https:\/\/elfaroonline.com.ar\/index.php\/wp-json\/wp\/v2\/media\/4194"}],"wp:attachment":[{"href":"https:\/\/elfaroonline.com.ar\/index.php\/wp-json\/wp\/v2\/media?parent=4193"}],"wp:term":[{"taxonomy":"category","embeddable":true,"href":"https:\/\/elfaroonline.com.ar\/index.php\/wp-json\/wp\/v2\/categories?post=4193"},{"taxonomy":"post_tag","embeddable":true,"href":"https:\/\/elfaroonline.com.ar\/index.php\/wp-json\/wp\/v2\/tags?post=4193"}],"curies":[{"name":"wp","href":"https:\/\/api.w.org\/{rel}","templated":true}]}}