{"id":4196,"date":"2025-07-17T09:25:46","date_gmt":"2025-07-17T12:25:46","guid":{"rendered":"https:\/\/elfaroonline.com.ar\/?p=4196"},"modified":"2025-07-17T09:25:46","modified_gmt":"2025-07-17T12:25:46","slug":"tras-una-medida-judicial-en-valle-viejo-policias-arrestaron-a-los-presuntos-autores-de-cometer-un-ilicito-en-un-domicilio","status":"publish","type":"post","link":"https:\/\/elfaroonline.com.ar\/index.php\/2025\/07\/17\/tras-una-medida-judicial-en-valle-viejo-policias-arrestaron-a-los-presuntos-autores-de-cometer-un-ilicito-en-un-domicilio\/","title":{"rendered":"Tras una medida Judicial en Valle Viejo polic\u00edas arrestaron a los presuntos autores de cometer un il\u00edcito en un domicilio"},"content":{"rendered":"<p class=\"v1MsoNormal\">Conforme a una denuncia penal radicada en la Unidad Judicial N<span lang=\"EN-US\">\u00b0<\/span> 10, en la que una mujer manifest\u00f3 que desconocidos habr\u00edan cometido un il\u00edcito en su domicilio, tras realizar tareas de su especialidad, numerarios de la <b>Divisi\u00f3n Investigaciones de la Polic\u00eda de la Provincia<\/b>, conjuntamente con <b>personal de calle de la Jefatura de Zona Norte<\/b>, llevaron a cabo un allanamiento en un inmueble del barrio Los Bajos, de la localidad de San Isidro, Dpto. Valle Viejo.<\/p>\n<p class=\"v1MsoNormal\">En el lugar y bajo las directivas del Juzgado de Control de Garant\u00edas N<span lang=\"EN-US\">\u00b0<\/span> 3 y a solicitud de la Fiscal\u00eda de Instrucci\u00f3n del Distrito Este, los investigadores arrestaron en averiguaci\u00f3n del hecho a uno de los presuntos autores del delito, un joven de apellido <b>V\u00e9liz (19)<\/b>, como as\u00ed tambi\u00e9n secuestraron prendas de vestir que el sujeto habr\u00eda utilizado al momento de perpetrar el il\u00edcito.<\/p>\n<p class=\"v1MsoNormal\">Cabe se\u00f1alar que, durante la medida Judicial, el otro supuesto part\u00edcipe de apellido <b>Ramos (34)<\/b>, habr\u00eda subido al techo de la vivienda, para luego amenazar con atentar contra su vida, por lo cual los polic\u00edas convocaron a sus pares de la <b>Divisi\u00f3n Negociadores<\/b>, dependientes de la <b>Direcci\u00f3n de Operaciones Especiales Kuntur<\/b>, quienes conformaron el Comit\u00e9 de Crisis y, tras un arduo trabajo, lograron que esta persona desistiera de su accionar, en virtud de lo cual fue asistida por profesionales m\u00e9dicos del SAME y trasladada al Hospital San Juan Bautista con custodia policial.<\/p>\n<p class=\"v1MsoNormal\">De lo acontecido, tom\u00f3 conocimiento la Justicia interviniente, desde donde se dispuso el arresto del hombre, por lo que finalmente estas personas fueron alojadas en la dependencia policial a la espera de nuevas directivas Judiciales.<\/p>\n","protected":false},"excerpt":{"rendered":"<p>Conforme a una denuncia penal radicada en la Unidad Judicial N\u00b0 10, en la que una mujer manifest\u00f3 que desconocidos habr\u00edan cometido un il\u00edcito en su domicilio, tras realizar tareas de su especialidad, numerarios de la Divisi\u00f3n Investigaciones de la Polic\u00eda de la Provincia, conjuntamente con personal de calle de la Jefatura de Zona Norte, [&hellip;]<\/p>\n","protected":false},"author":2,"featured_media":4197,"comment_status":"open","ping_status":"open","sticky":false,"template":"","format":"standard","meta":{"footnotes":""},"categories":[27],"tags":[],"class_list":{"0":"post-4196","1":"post","2":"type-post","3":"status-publish","4":"format-standard","5":"has-post-thumbnail","7":"category-policiales"},"aioseo_notices":[],"_links":{"self":[{"href":"https:\/\/elfaroonline.com.ar\/index.php\/wp-json\/wp\/v2\/posts\/4196","targetHints":{"allow":["GET"]}}],"collection":[{"href":"https:\/\/elfaroonline.com.ar\/index.php\/wp-json\/wp\/v2\/posts"}],"about":[{"href":"https:\/\/elfaroonline.com.ar\/index.php\/wp-json\/wp\/v2\/types\/post"}],"author":[{"embeddable":true,"href":"https:\/\/elfaroonline.com.ar\/index.php\/wp-json\/wp\/v2\/users\/2"}],"replies":[{"embeddable":true,"href":"https:\/\/elfaroonline.com.ar\/index.php\/wp-json\/wp\/v2\/comments?post=4196"}],"version-history":[{"count":1,"href":"https:\/\/elfaroonline.com.ar\/index.php\/wp-json\/wp\/v2\/posts\/4196\/revisions"}],"predecessor-version":[{"id":4198,"href":"https:\/\/elfaroonline.com.ar\/index.php\/wp-json\/wp\/v2\/posts\/4196\/revisions\/4198"}],"wp:featuredmedia":[{"embeddable":true,"href":"https:\/\/elfaroonline.com.ar\/index.php\/wp-json\/wp\/v2\/media\/4197"}],"wp:attachment":[{"href":"https:\/\/elfaroonline.com.ar\/index.php\/wp-json\/wp\/v2\/media?parent=4196"}],"wp:term":[{"taxonomy":"category","embeddable":true,"href":"https:\/\/elfaroonline.com.ar\/index.php\/wp-json\/wp\/v2\/categories?post=4196"},{"taxonomy":"post_tag","embeddable":true,"href":"https:\/\/elfaroonline.com.ar\/index.php\/wp-json\/wp\/v2\/tags?post=4196"}],"curies":[{"name":"wp","href":"https:\/\/api.w.org\/{rel}","templated":true}]}}