{"id":4200,"date":"2025-07-24T21:40:04","date_gmt":"2025-07-25T00:40:04","guid":{"rendered":"https:\/\/elfaroonline.com.ar\/?p=4200"},"modified":"2025-07-24T21:40:04","modified_gmt":"2025-07-25T00:40:04","slug":"los-ganadores-del-poncho-diseno-2025","status":"publish","type":"post","link":"https:\/\/elfaroonline.com.ar\/index.php\/2025\/07\/24\/los-ganadores-del-poncho-diseno-2025\/","title":{"rendered":"Los ganadores del Poncho Dise\u00f1o 2025"},"content":{"rendered":"<p class=\"v1MsoNormal\">En el marco de la 54\u00b0 Fiesta Nacional e Internacional del Poncho, se anunciaron los nombres de los dise\u00f1adores y emprendimientos que fueron reconocidos en el Pabell\u00f3n Poncho Dise\u00f1o 2025, tras un riguroso proceso de evaluaci\u00f3n por parte de expertas artistas catamarque\u00f1as. Este a\u00f1o, el jurado estuvo compuesto por la artista pl\u00e1stica especializada en muralismo, Susana Maltese; la profesora de artes visuales y escultora, Liliam Valeria C\u00f3rdoba; y la dise\u00f1adora de indumentaria y textil, Romina Elizabeth Delgado.<\/p>\n<p class=\"v1MsoNormal\">Las ternas de premiaci\u00f3n fueron: Producto Creativo, Producto Innovador, y Mejor Stand. Adem\u00e1s, se otorg\u00f3 una menci\u00f3n especial al Producto con Impacto Social\/Sostenible, destacando el compromiso con la responsabilidad ambiental y la cultura local.<\/p>\n<p class=\"v1MsoNormal\">El premio al Producto Creativo fue entregado a Pablo Martinena de <b>Nexo Ediciones<\/b>. Pablo se destac\u00f3 por traer al Poncho Dise\u00f1o sus mejores c\u00f3mics, incluyendo historietas biogr\u00e1ficas de figuras como Felipe Varela y Fray Mamerto Esquiu, adem\u00e1s de ilustraciones de personajes populares como el piloto de F1 Franco Colapinto y la cantante Dua Lipa. Martinena expres\u00f3 sentirse &#8220;gratamente sorprendido y muy agradecido porque nuestra principal intenci\u00f3n es brindar un aporte cultural con nuestros productos&#8221;.<\/p>\n<p class=\"v1MsoNormal\">El reconocimiento al producto m\u00e1s innovador fue para <b>Champa Argentina<\/b>, de Claudio D\u00edaz. Claudio exhibi\u00f3 en su stand anteojos recetados y de sol que sobresalen por ser sustentables y estar hechos de madera, utilizando materiales como \u00e9bano, nogal y arce. D\u00edaz comparti\u00f3 que este premio se siente como &#8220;un mimo al alma porque emprender y hacer todo es bastante dif\u00edcil y lo hacemos en familia y el reconocimiento se valora mucho&#8221;.<\/p>\n<p class=\"v1MsoNormal\">La categor\u00eda de mejor stand fue para <b>Latir Am\u00e9rica<\/b>, de Agustina Ludue\u00f1a. Su espacio fue reconocido por la excelencia en la exhibici\u00f3n de sus encuadernaciones artesanales, donde cada pieza es \u00fanica y refleja un distintivo toque personal. Agustina manifest\u00f3: &#8220;La verdad que me encanta pensar que mis productos est\u00e9n elaborados de los objetos que usamos. Una alegr\u00eda el reconocimiento a nuestro trabajo sobre todo que somos parte del Poncho Dise\u00f1o hace 4 a\u00f1os. Es un mimo al esfuerzo y dedicaci\u00f3n&#8221;.<\/p>\n<p class=\"v1MsoNormal\">Una menci\u00f3n especial fue otorgada a <b>Maximiliano Flores<\/b>, de Maximiliano Guti\u00e9rrez. Su propuesta sobresali\u00f3 por la frescura y el dise\u00f1o en cada ramo, ofreciendo la posibilidad de llevarse un pedacito de nostalgia con sus ramitos de junco, adem\u00e1s de hermosos ramos de flores secas que aportan un encanto atemporal a la decoraci\u00f3n. Maxi se mostr\u00f3 feliz: &#8220;Siempre apuesto a lo nuestro. Me gusta potenciar los recursos que nosotros tenemos, siento que muchas veces se desvaloriza lo propio. Me apasiona trabajar con las plantas y el arte; en el Poncho buscamos visibilizar todo lo que se hace en un a\u00f1o. Trabajar chivato, jarillas, eucaliptos. Y en especial nuestra vedet que son los juncos, mi marca personal. Con un aroma que te traslada a la infancia&#8221;. Adem\u00e1s, destac\u00f3 el apoyo de su equipo para llevar adelante otro Poncho m\u00e1s.<\/p>\n<p class=\"v1MsoNormal\">El jurado catalog\u00f3 esta edici\u00f3n como un \u00e9xito, siendo un espacio que sigue promoviendo la innovaci\u00f3n y el arte de dise\u00f1adores y artesanos de nuestro pa\u00eds.<\/p>\n","protected":false},"excerpt":{"rendered":"<p>En el marco de la 54\u00b0 Fiesta Nacional e Internacional del Poncho, se anunciaron los nombres de los dise\u00f1adores y emprendimientos que fueron reconocidos en el Pabell\u00f3n Poncho Dise\u00f1o 2025, tras un riguroso proceso de evaluaci\u00f3n por parte de expertas artistas catamarque\u00f1as. Este a\u00f1o, el jurado estuvo compuesto por la artista pl\u00e1stica especializada en muralismo, [&hellip;]<\/p>\n","protected":false},"author":2,"featured_media":4201,"comment_status":"open","ping_status":"open","sticky":false,"template":"","format":"standard","meta":{"footnotes":""},"categories":[20],"tags":[],"class_list":{"0":"post-4200","1":"post","2":"type-post","3":"status-publish","4":"format-standard","5":"has-post-thumbnail","7":"category-sociedad"},"aioseo_notices":[],"_links":{"self":[{"href":"https:\/\/elfaroonline.com.ar\/index.php\/wp-json\/wp\/v2\/posts\/4200","targetHints":{"allow":["GET"]}}],"collection":[{"href":"https:\/\/elfaroonline.com.ar\/index.php\/wp-json\/wp\/v2\/posts"}],"about":[{"href":"https:\/\/elfaroonline.com.ar\/index.php\/wp-json\/wp\/v2\/types\/post"}],"author":[{"embeddable":true,"href":"https:\/\/elfaroonline.com.ar\/index.php\/wp-json\/wp\/v2\/users\/2"}],"replies":[{"embeddable":true,"href":"https:\/\/elfaroonline.com.ar\/index.php\/wp-json\/wp\/v2\/comments?post=4200"}],"version-history":[{"count":1,"href":"https:\/\/elfaroonline.com.ar\/index.php\/wp-json\/wp\/v2\/posts\/4200\/revisions"}],"predecessor-version":[{"id":4202,"href":"https:\/\/elfaroonline.com.ar\/index.php\/wp-json\/wp\/v2\/posts\/4200\/revisions\/4202"}],"wp:featuredmedia":[{"embeddable":true,"href":"https:\/\/elfaroonline.com.ar\/index.php\/wp-json\/wp\/v2\/media\/4201"}],"wp:attachment":[{"href":"https:\/\/elfaroonline.com.ar\/index.php\/wp-json\/wp\/v2\/media?parent=4200"}],"wp:term":[{"taxonomy":"category","embeddable":true,"href":"https:\/\/elfaroonline.com.ar\/index.php\/wp-json\/wp\/v2\/categories?post=4200"},{"taxonomy":"post_tag","embeddable":true,"href":"https:\/\/elfaroonline.com.ar\/index.php\/wp-json\/wp\/v2\/tags?post=4200"}],"curies":[{"name":"wp","href":"https:\/\/api.w.org\/{rel}","templated":true}]}}