{"id":4203,"date":"2025-07-24T21:44:30","date_gmt":"2025-07-25T00:44:30","guid":{"rendered":"https:\/\/elfaroonline.com.ar\/?p=4203"},"modified":"2025-07-24T21:44:30","modified_gmt":"2025-07-25T00:44:30","slug":"el-gobernador-se-reunio-con-autoridades-de-glencore-en-londres","status":"publish","type":"post","link":"https:\/\/elfaroonline.com.ar\/index.php\/2025\/07\/24\/el-gobernador-se-reunio-con-autoridades-de-glencore-en-londres\/","title":{"rendered":"El Gobernador se reuni\u00f3 con autoridades de Glencore en Londres"},"content":{"rendered":"<p class=\"v1MsoNormal\">El gobernador Ra\u00fal Jalil mantuvo una reuni\u00f3n con Anne Edwards, directora de Asuntos Corporativos de Glencore, en Londres, Inglaterra.<\/p>\n<p class=\"v1MsoNormal\">Acompa\u00f1ado por la diputada nacional Silvana Ginocchio y la Embajadora Argentina en el Reino Unido, Mariana Plaza, el mandatario present\u00f3 la visi\u00f3n estrat\u00e9gica de la provincia para el desarrollo sostenible de la miner\u00eda, con especial foco en el desarrollo del Proyecto MARA en Catamarca.<\/p>\n<p class=\"v1MsoNormal\">Durante la reuni\u00f3n se dialog\u00f3 sobre formas de profundizar la cooperaci\u00f3n, impulsar infraestructura clave en la regi\u00f3n y seguir generando empleo de calidad para los catamarque\u00f1os<\/p>\n<p class=\"v1MsoNormal\">Esta primera reuni\u00f3n forma parte de la agenda de trabajo que tendr\u00e1 el gobernador en los pr\u00f3ximos d\u00edas en Londres y Par\u00eds.<\/p>\n","protected":false},"excerpt":{"rendered":"<p>El gobernador Ra\u00fal Jalil mantuvo una reuni\u00f3n con Anne Edwards, directora de Asuntos Corporativos de Glencore, en Londres, Inglaterra. Acompa\u00f1ado por la diputada nacional Silvana Ginocchio y la Embajadora Argentina en el Reino Unido, Mariana Plaza, el mandatario present\u00f3 la visi\u00f3n estrat\u00e9gica de la provincia para el desarrollo sostenible de la miner\u00eda, con especial foco [&hellip;]<\/p>\n","protected":false},"author":2,"featured_media":4204,"comment_status":"open","ping_status":"open","sticky":false,"template":"","format":"standard","meta":{"footnotes":""},"categories":[23,21],"tags":[],"class_list":{"0":"post-4203","1":"post","2":"type-post","3":"status-publish","4":"format-standard","5":"has-post-thumbnail","7":"category-destacados","8":"category-politica"},"aioseo_notices":[],"_links":{"self":[{"href":"https:\/\/elfaroonline.com.ar\/index.php\/wp-json\/wp\/v2\/posts\/4203","targetHints":{"allow":["GET"]}}],"collection":[{"href":"https:\/\/elfaroonline.com.ar\/index.php\/wp-json\/wp\/v2\/posts"}],"about":[{"href":"https:\/\/elfaroonline.com.ar\/index.php\/wp-json\/wp\/v2\/types\/post"}],"author":[{"embeddable":true,"href":"https:\/\/elfaroonline.com.ar\/index.php\/wp-json\/wp\/v2\/users\/2"}],"replies":[{"embeddable":true,"href":"https:\/\/elfaroonline.com.ar\/index.php\/wp-json\/wp\/v2\/comments?post=4203"}],"version-history":[{"count":1,"href":"https:\/\/elfaroonline.com.ar\/index.php\/wp-json\/wp\/v2\/posts\/4203\/revisions"}],"predecessor-version":[{"id":4205,"href":"https:\/\/elfaroonline.com.ar\/index.php\/wp-json\/wp\/v2\/posts\/4203\/revisions\/4205"}],"wp:featuredmedia":[{"embeddable":true,"href":"https:\/\/elfaroonline.com.ar\/index.php\/wp-json\/wp\/v2\/media\/4204"}],"wp:attachment":[{"href":"https:\/\/elfaroonline.com.ar\/index.php\/wp-json\/wp\/v2\/media?parent=4203"}],"wp:term":[{"taxonomy":"category","embeddable":true,"href":"https:\/\/elfaroonline.com.ar\/index.php\/wp-json\/wp\/v2\/categories?post=4203"},{"taxonomy":"post_tag","embeddable":true,"href":"https:\/\/elfaroonline.com.ar\/index.php\/wp-json\/wp\/v2\/tags?post=4203"}],"curies":[{"name":"wp","href":"https:\/\/api.w.org\/{rel}","templated":true}]}}