{"id":4206,"date":"2025-07-24T21:40:28","date_gmt":"2025-07-25T00:40:28","guid":{"rendered":"https:\/\/elfaroonline.com.ar\/?p=4206"},"modified":"2025-07-24T21:40:28","modified_gmt":"2025-07-25T00:40:28","slug":"fray-mamerto-esquiu-se-llevo-el-premio-al-mejor-stand-de-promocion-turistica","status":"publish","type":"post","link":"https:\/\/elfaroonline.com.ar\/index.php\/2025\/07\/24\/fray-mamerto-esquiu-se-llevo-el-premio-al-mejor-stand-de-promocion-turistica\/","title":{"rendered":"Fray Mamerto Esqui\u00fa se llev\u00f3 el Premio al Mejor Stand de Promoci\u00f3n Tur\u00edstica"},"content":{"rendered":"<p dir=\"ltr\">En el marco de la entrega de premios a lo mejor de la Fiesta Nacional e Internacional del Poncho en su edici\u00f3n 54\u00ba se distingui\u00f3 a los municipios catamarque\u00f1os que se destacaron por la presentaci\u00f3n de sus stands y su oferta en el Pabell\u00f3n de Turismo.<\/p>\n<p dir=\"ltr\">El jurado, integrado por representantes de la Uni\u00f3n de Arquitectos de Catamarca y por t\u00e9cnicos de la Secretar\u00eda de Gesti\u00f3n Tur\u00edstica, otorg\u00f3 el 1\u00b0 premio a la Municipalidad de Fray Mamerto Esqui\u00fa, que recibir\u00e1 cobertura para participar de la Feria Internacional de Turismo (FIT 2025).<\/p>\n<p dir=\"ltr\">El segundo y tercer puesto fueron para Los Varela y Las Juntas, respectivamente, quienes recibir\u00e1n como premio est\u00edmulo dise\u00f1o e impresi\u00f3n de material promocional para sus destinos.<\/p>\n<p dir=\"ltr\">La entrega de premios a los mejores stands de municipios tur\u00edsticos se concret\u00f3 este jueves por la ma\u00f1ana, en el Pabell\u00f3n de Turismo y en coincidencia con la premiaci\u00f3n de artesanos y dise\u00f1adores de distintos rubros. La premiaci\u00f3n estuvo a cargo de la ministra de Cultura, Turismo y Deporte, Daiana Rold\u00e1n, la secretar\u00eda de Gesti\u00f3n Tur\u00edstica, Evangelina Quar\u00edn y su par de Gesti\u00f3n Cultural, Laura Maubec\u00edn.<\/p>\n<p dir=\"ltr\">En el caso de los premios a los stands de promoci\u00f3n tur\u00edstica se valor\u00f3 de forma integral no solo la propuesta est\u00e9tica y arquigr\u00e1fica de cada stand sino tambi\u00e9n la narrativa elegida para promocionar el destino.<\/p>\n<p dir=\"ltr\">&#8220;Este premio es un reconocimiento al enorme trabajo que hacen los municipios y al esfuerzo que ponen a\u00f1o tras a\u00f1o para estar presentes en esta vidriera tan importante para el turismo. No solo se valora la infraestructura de cada stand, sino tambi\u00e9n el contenido y c\u00f3mo se comunica e informa al turista sobre las actividades y experiencias que ofrece cada lugar&#8221;, destac\u00f3 la secretaria de Gesti\u00f3n Tur\u00edstica, Evangelina Quar\u00edn.<\/p>\n<p dir=\"ltr\">La arquitecta Silvia Salazar, presidenta de la UAC, fundament\u00f3 durante la premiaci\u00f3n las razones de la selecci\u00f3n de la propuesta de Fray Mamerto Esqui\u00fa como mejor stand tur\u00edstico, al destacar que el stand ten\u00eda &#8220;una clara y s\u00f3lida representatividad con la localidad y con su oferta tur\u00edstica y de servicios, definido por elementos y recursos culturales que tiene como principal referente al Beato Mamerto Esqui\u00fa&#8221;. Tambi\u00e9n valor\u00f3 la &#8220;armon\u00eda entre el recurso tecnol\u00f3gico, con juegos interactivos y la intenci\u00f3n expositiva del municipio, logrando una s\u00edntesis efectiva del departamento&#8221;.<\/p>\n<p dir=\"ltr\">El espacio de Fray Mamerto Esqui\u00fa ofrece unos p\u00f3rtico de acceso que parecen simular la cueva de Casa de Piedra, gran atractivo natural del lugar y ofrece -a partir de pantallas y recursos tecnol\u00f3gicos- la historia del departamento y del beato que le da nombre.<\/p>\n<p dir=\"ltr\">Tambi\u00e9n recibieron sus distinciones por lo destacado de sus propuestas, el Municipio de Los Varela en 2do lugar, y en 3ro, el municipio de Las Juntas. Ambos destacaron en su espacio las bellezas naturales de su territorio; y su identidad cultural y productiva a partir del ma\u00edz en el caso de Los Varela y del membrillo, en Las Juntas.<\/p>\n","protected":false},"excerpt":{"rendered":"<p>En el marco de la entrega de premios a lo mejor de la Fiesta Nacional e Internacional del Poncho en su edici\u00f3n 54\u00ba se distingui\u00f3 a los municipios catamarque\u00f1os que se destacaron por la presentaci\u00f3n de sus stands y su oferta en el Pabell\u00f3n de Turismo. El jurado, integrado por representantes de la Uni\u00f3n de [&hellip;]<\/p>\n","protected":false},"author":2,"featured_media":4207,"comment_status":"open","ping_status":"open","sticky":false,"template":"","format":"standard","meta":{"footnotes":""},"categories":[20],"tags":[],"class_list":{"0":"post-4206","1":"post","2":"type-post","3":"status-publish","4":"format-standard","5":"has-post-thumbnail","7":"category-sociedad"},"aioseo_notices":[],"_links":{"self":[{"href":"https:\/\/elfaroonline.com.ar\/index.php\/wp-json\/wp\/v2\/posts\/4206","targetHints":{"allow":["GET"]}}],"collection":[{"href":"https:\/\/elfaroonline.com.ar\/index.php\/wp-json\/wp\/v2\/posts"}],"about":[{"href":"https:\/\/elfaroonline.com.ar\/index.php\/wp-json\/wp\/v2\/types\/post"}],"author":[{"embeddable":true,"href":"https:\/\/elfaroonline.com.ar\/index.php\/wp-json\/wp\/v2\/users\/2"}],"replies":[{"embeddable":true,"href":"https:\/\/elfaroonline.com.ar\/index.php\/wp-json\/wp\/v2\/comments?post=4206"}],"version-history":[{"count":1,"href":"https:\/\/elfaroonline.com.ar\/index.php\/wp-json\/wp\/v2\/posts\/4206\/revisions"}],"predecessor-version":[{"id":4208,"href":"https:\/\/elfaroonline.com.ar\/index.php\/wp-json\/wp\/v2\/posts\/4206\/revisions\/4208"}],"wp:featuredmedia":[{"embeddable":true,"href":"https:\/\/elfaroonline.com.ar\/index.php\/wp-json\/wp\/v2\/media\/4207"}],"wp:attachment":[{"href":"https:\/\/elfaroonline.com.ar\/index.php\/wp-json\/wp\/v2\/media?parent=4206"}],"wp:term":[{"taxonomy":"category","embeddable":true,"href":"https:\/\/elfaroonline.com.ar\/index.php\/wp-json\/wp\/v2\/categories?post=4206"},{"taxonomy":"post_tag","embeddable":true,"href":"https:\/\/elfaroonline.com.ar\/index.php\/wp-json\/wp\/v2\/tags?post=4206"}],"curies":[{"name":"wp","href":"https:\/\/api.w.org\/{rel}","templated":true}]}}