{"id":4209,"date":"2025-07-24T21:40:50","date_gmt":"2025-07-25T00:40:50","guid":{"rendered":"https:\/\/elfaroonline.com.ar\/?p=4209"},"modified":"2025-07-24T21:40:50","modified_gmt":"2025-07-25T00:40:50","slug":"jaime-ivan-suarez-es-el-tejedor-del-mejor-poncho-2025","status":"publish","type":"post","link":"https:\/\/elfaroonline.com.ar\/index.php\/2025\/07\/24\/jaime-ivan-suarez-es-el-tejedor-del-mejor-poncho-2025\/","title":{"rendered":"Jaime Iv\u00e1n Su\u00e1rez es el tejedor del mejor Poncho 2025"},"content":{"rendered":"<p dir=\"ltr\">En una jornada colmada de emoci\u00f3n y reconocimiento, se realiz\u00f3 este jueves 24 de julio el tradicional Acto de Premiaci\u00f3n de las mejores artesan\u00edas, dise\u00f1os y stands de promoci\u00f3n tur\u00edstica de la 54\u00b0 edici\u00f3n de la Fiesta Nacional e Internacional del Poncho, en el Pabell\u00f3n de Turismo del Predio Ferial Catamarca.<\/p>\n<p dir=\"ltr\">El premio adquisici\u00f3n al Mejor Poncho 2025 fue para Jaime Iv\u00e1n Su\u00e1rez, tejedor de 27 a\u00f1os, de Laguna Blanca, Bel\u00e9n, por un poncho realizado 100% en fibra de vicu\u00f1a, tejido en telar criollo con t\u00e9cnica ancestral de &#8220;peinadillo&#8221;, de 520 gramos. La pieza ser\u00e1 incorporada a la colecci\u00f3n patrimonial de la Direcci\u00f3n de Artesan\u00edas y exhibida en el Mercado Artesanal del Predio, ubicado al ingreso de la F\u00e1brica de Alfombras.<\/p>\n<p dir=\"ltr\">&#8220;Estoy muy contento de haber ganado el premio a mejor poncho, este poncho me llev\u00f3 cinco meses hacerlo desde la materia prima, que es preparar la lana hasta hacer el hilado, el torcido, despu\u00e9s la urdimbre y el tejido&#8221;, coment\u00f3 Jaime, acompa\u00f1ado por su familia. El artesano es integrante de la Cooperativa Mesa Local de Laguna Blanca.<\/p>\n<p dir=\"ltr\">Acerca del dise\u00f1o dijo que &#8220;es con una t\u00e9cnica ancestral, de nuestros antepasados, que se estaba perdiendo y se est\u00e1 empezando a rescatar&#8221;, y cont\u00f3 que &#8220;ya lo hab\u00eda hecho antes, pero con cuadros m\u00e1s grandes. A ese lo traje para la Fiesta del Poncho y al segundo d\u00eda lo vend\u00ed; y este a\u00f1o hice este con cuadros m\u00e1s peque\u00f1os y pude ganar&#8221;.<\/p>\n<p dir=\"ltr\">Previo al anuncio del mejor poncho se realiz\u00f3 un desfile con los trece ponchos seleccionados y destacados de la muestra artesanal, obras maestras textiles de gran valor cultural. Cada prenda permiti\u00f3 apreciar la calidad y la variedad de t\u00e9cnicas, materiales y detalles que ofrece el arte textil catamarque\u00f1o y del pa\u00eds.<\/p>\n<p dir=\"ltr\">El evento comenz\u00f3 a las 10 hs y reuni\u00f3 a autoridades provinciales, representantes de los municipios, dise\u00f1adores, artesanos, jurados y p\u00fablico en general.<\/p>\n<p dir=\"ltr\">La ministra de Cultura, Turismo y Deporte, Daiana Rold\u00e1n, encabez\u00f3 el acto junto a las secretarias de Gesti\u00f3n Cultural, Laura Maubecin; de Gesti\u00f3n Tur\u00edstica, Evangelina Quar\u00edn; de Administraci\u00f3n y Recursos Humanos, Monserrat Ram\u00edrez Toledo, y el director Provincial de Artesan\u00edas, Dise\u00f1o y F\u00e1brica de Alfombras, Gonzalo Cancino. Tambi\u00e9n asistieron autoridades ministeriales, municipales, y referentes del sector productivo y cultural.<\/p>\n<p dir=\"ltr\">Se entregaron premios en 15 rubros, valorando piezas de gran maestr\u00eda en metal, fibras animales y vegetales, cuero, madera, piedra, cer\u00e1mica, vidrio y joyer\u00eda. Entre los galardonados figuran artesanos de Catamarca, C\u00f3rdoba, Santa Fe, Mendoza, Formosa, Santiago del Estero, Entre R\u00edos y Buenos Aires.<\/p>\n<p dir=\"ltr\">Tambi\u00e9n se otorg\u00f3 el Premio Est\u00edmulo Joven Catamarque\u00f1o a Candelaria Luz Mar\u00eda Condor\u00ed, y el premio al Mejor Stand de Artesan\u00edas a Gisella Natalia Aguirre, quien participar\u00e1 sin costo en la pr\u00f3xima edici\u00f3n del Poncho.<\/p>\n<p dir=\"ltr\">Gonzalo Cancino, director provincial de Artesan\u00edas, habl\u00f3 en nombre de la organizaci\u00f3n de la fiesta y valor\u00f3 la calidad del trabajo de los artesanos expositores. &#8220;Quiero agradecer profundamente a cada artesano y artesana que forma parte de esta edici\u00f3n. Esta feria es de ustedes. Gracias por estar, por sumarse, por apostar una vez m\u00e1s a esta fiesta. Sin sus manos, sus historias y sus saberes, el poncho no tendr\u00eda sentido. Ustedes son, sin lugar a dudas, el alma de la Fiesta del Poncho&#8221;, se\u00f1al\u00f3.<\/p>\n<p dir=\"ltr\">Por su parte, la ministra Daiana Rold\u00e1n destac\u00f3 que &#8220;cada obra premiada refleja la riqueza de nuestra cultura, la habilidad art\u00edstica y el compromiso con nuestras tradiciones. Que estos premios sean un est\u00edmulo para seguir celebrando nuestras ra\u00edces&#8221;, manifest\u00f3.<\/p>\n<p dir=\"ltr\">Reconocimiento a la Trayectoria<\/p>\n<p dir=\"ltr\">En un momento cargado de emoci\u00f3n, se homenaje\u00f3 a dos grandes referentes del arte tradicional catamarque\u00f1o, a Graciela Salvatierra, maestra hilandera de Londres (Bel\u00e9n), por su valioso aporte en la preservaci\u00f3n del tejido ancestral, y a Jorge Ignes, maestro artesano de Andalgal\u00e1, reconocido por su trabajo con la piedra rodocrosita a nivel internacional.<\/p>\n<p dir=\"ltr\">Ambos recibieron una estatuilla con la inclusi\u00f3n de una Chacana de Plata Ley 925, s\u00edmbolo de elevaci\u00f3n y conexi\u00f3n cultural andina.<\/p>\n<p dir=\"ltr\">Menci\u00f3n Especial<\/p>\n<p dir=\"ltr\">Se otorg\u00f3 un reconocimiento al lutier Pedro Pablo Far\u00edas Rodr\u00edguez, de Santa Mar\u00eda de Punilla (C\u00f3rdoba), por su constante participaci\u00f3n durante 40 a\u00f1os consecutivos en la Fiesta del Poncho.<\/p>\n<p dir=\"ltr\">Premio al Mejor Stand Institucional de Municipios<\/p>\n<p dir=\"ltr\">El jurado, integrado por representantes de la Uni\u00f3n de Arquitectos de Catamarca, otorg\u00f3 el 1\u00b0 premio a la Municipalidad de Fray Mamerto Esqui\u00fa, que recibir\u00e1 cobertura para participar de la Feria Internacional de Turismo (FIT 2025). El segundo y tercer puesto fueron para Los Varela y Las Juntas, respectivamente, quienes recibir\u00e1n dise\u00f1o e impresi\u00f3n de material promocional.<\/p>\n<p dir=\"ltr\">Premios &#8220;Poncho Dise\u00f1o&#8221;<\/p>\n<p dir=\"ltr\">Dentro de los reconocimientos se otorgaron distinciones a los mejores dise\u00f1os contempor\u00e1neos, entre los participantes del Espacio Poncho Dise\u00f1o.<\/p>\n<p dir=\"ltr\">En el certamen de dise\u00f1o contempor\u00e1neo se destacaron:<\/p>\n<p dir=\"ltr\">Producto Creativo: Nexo Ediciones, de Pablo Martinena<\/p>\n<p dir=\"ltr\">Producto Innovador: Champa Argentina, de Claudio D\u00edaz<\/p>\n<p dir=\"ltr\">Mejor Stand: Latir Am\u00e9rica, de Agustina Ludue\u00f1a<\/p>\n<p dir=\"ltr\">Menci\u00f3n Impacto Social \/ Sostenible: Maximiliano Flores<\/p>\n<p dir=\"ltr\">La ceremonia tuvo como objetivo distinguir la excelencia artesanal, el dise\u00f1o innovador y la destacada participaci\u00f3n tur\u00edstica de los municipios catamarque\u00f1os, reafirmando los valores identitarios y culturales que hacen del Poncho una de las celebraciones m\u00e1s importantes del pa\u00eds.<\/p>\n<p dir=\"ltr\">Con un fuerte aplauso colectivo y el esp\u00edritu del Poncho m\u00e1s vivo que nunca, se dio por finalizada una ceremonia que reafirma el compromiso de Catamarca con su herencia artesanal y cultural.<\/p>\n<p dir=\"ltr\">Ganadores en todos los rubros artesanales<\/p>\n<p dir=\"ltr\">Premio Adquisici\u00f3n al Mejor Poncho<\/p>\n<p dir=\"ltr\">Ganador: Jaime Iv\u00e1n Su\u00e1rez \u2013 Laguna Blanca, Bel\u00e9n, Catamarca.<\/p>\n<p dir=\"ltr\">Poncho de vicu\u00f1a tejido con t\u00e9cnica ancestral &#8220;peinadillo&#8221;<\/p>\n<p dir=\"ltr\">Reconocimientos a la Trayectoria<\/p>\n<p dir=\"ltr\">Artesana textil Graciela Salvatierra \u2013 Londres, Bel\u00e9n, Catamarca<\/p>\n<p dir=\"ltr\">Artesano en rodocrosita Jorge Ignes \u2013 Andalgal\u00e1, Catamarca<\/p>\n<p dir=\"ltr\">Menci\u00f3n Especial<\/p>\n<p dir=\"ltr\">Pedro Pablo Far\u00edas Rodr\u00edguez \u2013 Santa Mar\u00eda de Punilla, C\u00f3rdoba.<\/p>\n<p dir=\"ltr\">Reconocimiento por 40 a\u00f1os de participaci\u00f3n en la Fiesta.<\/p>\n<p dir=\"ltr\">Premios Artesan\u00edas<\/p>\n<p dir=\"ltr\">Rubro Metal<\/p>\n<p dir=\"ltr\">Orfebrer\u00eda: V\u00edctor Nicol\u00e1s Nicodella Sosa \u2013 Santa Rosa de Calamuchita, C\u00f3rdoba<\/p>\n<p dir=\"ltr\">Cuchiller\u00eda: Javier Eugenio Mart\u00edn \u2013 Valle Viejo, Catamarca<\/p>\n<p dir=\"ltr\">Filigrana: Olgu\u00edn Sosa Ju\u00e1rez \u2013 Rosario, Santa Fe<\/p>\n<p dir=\"ltr\">Rubro Fibra Animal<\/p>\n<p dir=\"ltr\">Fibra de Vicu\u00f1a: Raquel de F\u00e1tima Zabala Delgado \u2013 Bel\u00e9n, Catamarca<\/p>\n<p dir=\"ltr\">Lana de Oveja: Octaviana Ortiz \u2013 Mataco, Formosa<\/p>\n<p dir=\"ltr\">Fibra de Llama: A\u00edda del Socorro Soria de \u00c1lvarez \u2013 Bel\u00e9n, Catamarca<\/p>\n<p dir=\"ltr\">Fieltro: Martha In\u00e9s Paz \u2013 Santiago del Estero.<\/p>\n<p dir=\"ltr\">Rubro Arcilla<\/p>\n<p dir=\"ltr\">Cer\u00e1mica de Rescate: Carlos \u00c1ngel Reinoso \u2013 SFV de Catamarca, Catamarca<\/p>\n<p dir=\"ltr\">Cer\u00e1mica de Proyecci\u00f3n: Mariana Cendoya Bedin \u2013 Londres, Bel\u00e9n, Catamarca<\/p>\n<p dir=\"ltr\">Cer\u00e1mica Contempor\u00e1nea: B\u00e1rbara Torres Gareis \u2013 La Picada, Paran\u00e1, Entre R\u00edos<\/p>\n<p dir=\"ltr\">Rubros Cuero, Asta y Hueso \/ Madera, Ca\u00f1a y Calabaza<\/p>\n<p dir=\"ltr\">Cuero: V\u00edctor Rafael Mercado \u2013 San Mart\u00edn, Mendoza<\/p>\n<p dir=\"ltr\">\u00a0Asta y Hueso: Gabriel Gustavo Badar\u00f3 \u2013 Vialet Mass\u00e9, C\u00f3rdoba<\/p>\n<p dir=\"ltr\">Madera, Ca\u00f1a y Calabaza \u2013 Premio &#8220;N\u00e9stor David Lagoria&#8221;: Tom\u00e1s Andr\u00e9s Aiello \u2013 San Fernando, Buenos Aires<\/p>\n<p dir=\"ltr\">Otros Rubros<\/p>\n<p dir=\"ltr\">\u00a0Vidrio: Mar\u00eda Jimena Blanco Colotto \u2013 C\u00f3rdoba Capital, C\u00f3rdoba<\/p>\n<p dir=\"ltr\">\u00a0Otros Materiales (Fusi\u00f3n): Javier Alberto Arrieta \u2013 Santa Mar\u00eda de Punilla, C\u00f3rdoba<\/p>\n<p dir=\"ltr\">\u00a0Instrumentos Musicales: Luis Fernando Robledo \u2013 Cosqu\u00edn, C\u00f3rdoba<\/p>\n<p dir=\"ltr\">Fibra Vegetal y Joyer\u00eda<\/p>\n<p dir=\"ltr\">Fibra Vegetal: Jos\u00e9 Francisco D\u00edaz \u2013 San Alberto, C\u00f3rdoba<\/p>\n<p dir=\"ltr\">Joyer\u00eda: Marcelo Jos\u00e9 Ferreira con Maia Carla Muschardi \u2013 Villa Gral. Belgrano, C\u00f3rdoba<\/p>\n<p dir=\"ltr\">Premios Rubro Piedra. Otorgados por la organizaci\u00f3n<\/p>\n<p dir=\"ltr\">Tallista: Gustavo Oliva, Cerrillos, Salta.<\/p>\n<p dir=\"ltr\">Imaginer\u00eda: C\u00e9sar Ramos &#8211; Andalgal\u00e1<\/p>\n","protected":false},"excerpt":{"rendered":"<p>En una jornada colmada de emoci\u00f3n y reconocimiento, se realiz\u00f3 este jueves 24 de julio el tradicional Acto de Premiaci\u00f3n de las mejores artesan\u00edas, dise\u00f1os y stands de promoci\u00f3n tur\u00edstica de la 54\u00b0 edici\u00f3n de la Fiesta Nacional e Internacional del Poncho, en el Pabell\u00f3n de Turismo del Predio Ferial Catamarca. El premio adquisici\u00f3n al [&hellip;]<\/p>\n","protected":false},"author":2,"featured_media":4210,"comment_status":"open","ping_status":"open","sticky":false,"template":"","format":"standard","meta":{"footnotes":""},"categories":[20],"tags":[],"class_list":{"0":"post-4209","1":"post","2":"type-post","3":"status-publish","4":"format-standard","5":"has-post-thumbnail","7":"category-sociedad"},"aioseo_notices":[],"_links":{"self":[{"href":"https:\/\/elfaroonline.com.ar\/index.php\/wp-json\/wp\/v2\/posts\/4209","targetHints":{"allow":["GET"]}}],"collection":[{"href":"https:\/\/elfaroonline.com.ar\/index.php\/wp-json\/wp\/v2\/posts"}],"about":[{"href":"https:\/\/elfaroonline.com.ar\/index.php\/wp-json\/wp\/v2\/types\/post"}],"author":[{"embeddable":true,"href":"https:\/\/elfaroonline.com.ar\/index.php\/wp-json\/wp\/v2\/users\/2"}],"replies":[{"embeddable":true,"href":"https:\/\/elfaroonline.com.ar\/index.php\/wp-json\/wp\/v2\/comments?post=4209"}],"version-history":[{"count":2,"href":"https:\/\/elfaroonline.com.ar\/index.php\/wp-json\/wp\/v2\/posts\/4209\/revisions"}],"predecessor-version":[{"id":4236,"href":"https:\/\/elfaroonline.com.ar\/index.php\/wp-json\/wp\/v2\/posts\/4209\/revisions\/4236"}],"wp:featuredmedia":[{"embeddable":true,"href":"https:\/\/elfaroonline.com.ar\/index.php\/wp-json\/wp\/v2\/media\/4210"}],"wp:attachment":[{"href":"https:\/\/elfaroonline.com.ar\/index.php\/wp-json\/wp\/v2\/media?parent=4209"}],"wp:term":[{"taxonomy":"category","embeddable":true,"href":"https:\/\/elfaroonline.com.ar\/index.php\/wp-json\/wp\/v2\/categories?post=4209"},{"taxonomy":"post_tag","embeddable":true,"href":"https:\/\/elfaroonline.com.ar\/index.php\/wp-json\/wp\/v2\/tags?post=4209"}],"curies":[{"name":"wp","href":"https:\/\/api.w.org\/{rel}","templated":true}]}}