{"id":4212,"date":"2025-07-24T21:44:08","date_gmt":"2025-07-25T00:44:08","guid":{"rendered":"https:\/\/elfaroonline.com.ar\/?p=4212"},"modified":"2025-07-24T21:44:08","modified_gmt":"2025-07-25T00:44:08","slug":"programa-de-emergencia-textil-apoyo-economico-del-gobierno-para-sostener-el-empleo","status":"publish","type":"post","link":"https:\/\/elfaroonline.com.ar\/index.php\/2025\/07\/24\/programa-de-emergencia-textil-apoyo-economico-del-gobierno-para-sostener-el-empleo\/","title":{"rendered":"Programa de Emergencia Textil: apoyo econ\u00f3mico del Gobierno para sostener el empleo"},"content":{"rendered":"<p class=\"v1MsoNormal\">El gobernador Ra\u00fal Jalil firm\u00f3 el decreto mediante el cual se crea el Programa de Emergencia Textil, una herramienta destinada a brindar apoyo econ\u00f3mico directo a las empresas textiles radicadas en Catamarca, con el objetivo de contribuir al sostenimiento del empleo formal local en el contexto de la actual situaci\u00f3n econ\u00f3mica nacional y apertura de importaciones.<\/p>\n<p class=\"v1MsoNormal\">A trav\u00e9s de este programa, el Estado Provincial realizar\u00e1 un aporte de hasta $200.000 pesos por trabajador debidamente registrado, durante un per\u00edodo de seis meses, desde julio hasta diciembre de 2025. Este beneficio podr\u00e1 ser prorrogado por igual per\u00edodo, sujeto a disponibilidad presupuestaria y a los informes t\u00e9cnicos correspondientes.<\/p>\n<p class=\"v1MsoNormal\">Las empresas que accedan al programa deber\u00e1n mantener la planta de personal declarada al momento de la inscripci\u00f3n, garantizando as\u00ed la continuidad laboral de los trabajadores. El beneficio ser\u00e1 otorgado \u00fanicamente a aquellas firmas que cumplan con los requisitos establecidos en la reglamentaci\u00f3n que se dictar\u00e1 pr\u00f3ximamente.<\/p>\n<p class=\"v1MsoNormal\">El Ministerio de Desarrollo Productivo y el Ministerio de Trabajo, Planificaci\u00f3n y Recursos Humanos ser\u00e1n las autoridades de aplicaci\u00f3n y estar\u00e1n a cargo de la fiscalizaci\u00f3n del cumplimiento del programa, as\u00ed como de dictar las normas complementarias necesarias para su implementaci\u00f3n.<\/p>\n<p class=\"v1MsoNormal\">Durante la vigencia del programa, quedar\u00e1n suspendidos otros planes o beneficios con igual finalidad, salvo el Programa de Fortalecimiento y Apoyo Productivo, establecido por Decreto N\u00b0 599\/2021 y su modificatorio N\u00b0 609\/2022.<\/p>\n","protected":false},"excerpt":{"rendered":"<p>El gobernador Ra\u00fal Jalil firm\u00f3 el decreto mediante el cual se crea el Programa de Emergencia Textil, una herramienta destinada a brindar apoyo econ\u00f3mico directo a las empresas textiles radicadas en Catamarca, con el objetivo de contribuir al sostenimiento del empleo formal local en el contexto de la actual situaci\u00f3n econ\u00f3mica nacional y apertura de [&hellip;]<\/p>\n","protected":false},"author":2,"featured_media":4213,"comment_status":"open","ping_status":"open","sticky":false,"template":"","format":"standard","meta":{"footnotes":""},"categories":[23,21],"tags":[],"class_list":{"0":"post-4212","1":"post","2":"type-post","3":"status-publish","4":"format-standard","5":"has-post-thumbnail","7":"category-destacados","8":"category-politica"},"aioseo_notices":[],"_links":{"self":[{"href":"https:\/\/elfaroonline.com.ar\/index.php\/wp-json\/wp\/v2\/posts\/4212","targetHints":{"allow":["GET"]}}],"collection":[{"href":"https:\/\/elfaroonline.com.ar\/index.php\/wp-json\/wp\/v2\/posts"}],"about":[{"href":"https:\/\/elfaroonline.com.ar\/index.php\/wp-json\/wp\/v2\/types\/post"}],"author":[{"embeddable":true,"href":"https:\/\/elfaroonline.com.ar\/index.php\/wp-json\/wp\/v2\/users\/2"}],"replies":[{"embeddable":true,"href":"https:\/\/elfaroonline.com.ar\/index.php\/wp-json\/wp\/v2\/comments?post=4212"}],"version-history":[{"count":1,"href":"https:\/\/elfaroonline.com.ar\/index.php\/wp-json\/wp\/v2\/posts\/4212\/revisions"}],"predecessor-version":[{"id":4214,"href":"https:\/\/elfaroonline.com.ar\/index.php\/wp-json\/wp\/v2\/posts\/4212\/revisions\/4214"}],"wp:featuredmedia":[{"embeddable":true,"href":"https:\/\/elfaroonline.com.ar\/index.php\/wp-json\/wp\/v2\/media\/4213"}],"wp:attachment":[{"href":"https:\/\/elfaroonline.com.ar\/index.php\/wp-json\/wp\/v2\/media?parent=4212"}],"wp:term":[{"taxonomy":"category","embeddable":true,"href":"https:\/\/elfaroonline.com.ar\/index.php\/wp-json\/wp\/v2\/categories?post=4212"},{"taxonomy":"post_tag","embeddable":true,"href":"https:\/\/elfaroonline.com.ar\/index.php\/wp-json\/wp\/v2\/tags?post=4212"}],"curies":[{"name":"wp","href":"https:\/\/api.w.org\/{rel}","templated":true}]}}