{"id":4218,"date":"2025-07-24T21:41:53","date_gmt":"2025-07-25T00:41:53","guid":{"rendered":"https:\/\/elfaroonline.com.ar\/?p=4218"},"modified":"2025-07-24T21:41:53","modified_gmt":"2025-07-25T00:41:53","slug":"el-gobierno-acordo-con-docentes-y-cerro-mejoras-salariales-con-todos-los-sectores-publicos","status":"publish","type":"post","link":"https:\/\/elfaroonline.com.ar\/index.php\/2025\/07\/24\/el-gobierno-acordo-con-docentes-y-cerro-mejoras-salariales-con-todos-los-sectores-publicos\/","title":{"rendered":"El Gobierno acord\u00f3 con docentes y cerr\u00f3 mejoras salariales con todos los sectores p\u00fablicos"},"content":{"rendered":"<p class=\"v1MsoNormal\"><i>Adem\u00e1s del incremento salarial, los docentes recibir\u00e1n un bono de $60.000 este viernes.<\/i><\/p>\n<p class=\"v1MsoNormal\">El Gobierno provincial y los gremios docentes rubricaron este mi\u00e9rcoles el acta donde del acuerdo salarial para lo que resta del a\u00f1o. De esta manera, se cerraron paritarias con todos los sectores p\u00fablicos de la provincia.<\/p>\n<p class=\"v1MsoNormal\">Tras varias semanas de di\u00e1logo paritario la Provincia y los representantes de los docentes catamarque\u00f1os acordaron mejoras salariales para lo que resta del a\u00f1o. El flamante acuerdo establece, inicialmente, incrementar el salario m\u00ednimo docente garantizado con el siguiente cronograma:<\/p>\n<p class=\"v1MsoNormal\">-Liquidaci\u00f3n julio 2025: $600.000.<\/p>\n<p class=\"v1MsoNormal\">-Liquidaci\u00f3n septiembre 2025: $650.000.<\/p>\n<p class=\"v1MsoNormal\">-Liquidaci\u00f3n noviembre 2025: $700.000.<\/p>\n<p class=\"v1MsoNormal\">En lo que respecta al incremento del punto \u00edndice y funci\u00f3n jer\u00e1rquica se incrementar\u00e1 de manera acumulativa los mismos, con cl\u00e1usula gatillo bimestral conforme se indica a continuaci\u00f3n:<\/p>\n<p class=\"v1MsoNormal\">-Julio 2025: incremento del siete por ciento (7%), pasando el punto \u00edndice a 1631,25 y el \u00edtem funci\u00f3n jer\u00e1rquica a 120.985,77.<\/p>\n<p class=\"v1MsoNormal\">-Septiembre 2025: actualizaci\u00f3n por la variaci\u00f3n del \u00cdndice de Precios al Consumidor (IPC) publicado por el INDEC correspondiente a los meses de julio y agosto de 2025, garantizando un m\u00ednimo de incremento equivalente al tres por ciento (3%).<\/p>\n<p class=\"v1MsoNormal\">-Noviembre 2025: actualizaci\u00f3n por la variaci\u00f3n del \u00cdndice de Precios al Consumidor (IPC) publicado por el INDEC correspondiente a los meses de septiembre y octubre de 2025, garantizando un m\u00ednimo de incremento equivalente al tres por ciento (3%).<\/p>\n<p class=\"v1MsoNormal\">-Enero 2026: actualizaci\u00f3n por la variaci\u00f3n del \u00cdndice de Precios al Consumidor (IPC) publicado por el INDEC correspondiente a los meses de noviembre y diciembre de 2025, garantizando un m\u00ednimo de incremento equivalente al tres por ciento (3%).<\/p>\n<p class=\"v1MsoNormal\"><b>\u00a0<\/b><b>Bono<\/b><\/p>\n<p class=\"v1MsoNormal\">En otro de los puntos del acuerdo, las partes acordaron un bono de $60.000 no remunerativo, no bonificable, por \u00fanica vez, por CUIL, y proporcional a un cargo, a liquidarse el d\u00eda viernes 25 de julio.<\/p>\n<p class=\"v1MsoNormal\"><b>Adicional por antig\u00fcedad<\/b><\/p>\n<p class=\"v1MsoNormal\">Otro de los pedidos de la intersindical que fue aceptado por el Gobierno es la creaci\u00f3n de una Bonificaci\u00f3n \u00danica y Extraordinaria destinada exclusivamente a los docentes que acrediten treinta (30) a\u00f1os de antig\u00fcedad o m\u00e1s en el ejercicio de la funci\u00f3n, y que, dentro del plazo de treinta (30) d\u00edas posteriores al cumplimiento de la edad jubilatoria establecida por el R\u00e9gimen Previsional Docente, opten por acogerse al beneficio previsional correspondiente. Dicha bonificaci\u00f3n ser\u00e1 equivalente a tres (3) salarios netos ley, conforme al \u00faltimo per\u00edodo mensual percibido por el docente y se har\u00e1 extensiva a los docentes que se desempe\u00f1en en establecimientos educativos de gesti\u00f3n privada. La bonificaci\u00f3n ser\u00e1 abonada con la liquidaci\u00f3n final correspondiente.<\/p>\n<p class=\"v1MsoNormal\">Respecto al adicional por zona, se acord\u00f3 reconocer el \u00edtem de zona a las Escuelas de Gesti\u00f3n P\u00fablica y Privada de Recreo situadas en el Departamento La Paz y a los Centros Educativos N\u00b0 3 y N\u00b04 situadas en el Departamento Valle Viejo a partir de la liquidaci\u00f3n correspondiente a octubre 2025.<\/p>\n<p class=\"v1MsoNormal\">En funci\u00f3n a la solicitud de derogar la Bonificaci\u00f3n Incentivo a la Asistencia Docente (BIAD), se decidi\u00f3 transformar el mismo en un concepto de transporte\/conectividad que no estar\u00e1 sujeto a condiciones de asistencia para su percepci\u00f3n.<\/p>\n","protected":false},"excerpt":{"rendered":"<p>Adem\u00e1s del incremento salarial, los docentes recibir\u00e1n un bono de $60.000 este viernes. El Gobierno provincial y los gremios docentes rubricaron este mi\u00e9rcoles el acta donde del acuerdo salarial para lo que resta del a\u00f1o. De esta manera, se cerraron paritarias con todos los sectores p\u00fablicos de la provincia. Tras varias semanas de di\u00e1logo paritario [&hellip;]<\/p>\n","protected":false},"author":2,"featured_media":4219,"comment_status":"open","ping_status":"open","sticky":false,"template":"","format":"standard","meta":{"footnotes":""},"categories":[21],"tags":[],"class_list":{"0":"post-4218","1":"post","2":"type-post","3":"status-publish","4":"format-standard","5":"has-post-thumbnail","7":"category-politica"},"aioseo_notices":[],"_links":{"self":[{"href":"https:\/\/elfaroonline.com.ar\/index.php\/wp-json\/wp\/v2\/posts\/4218","targetHints":{"allow":["GET"]}}],"collection":[{"href":"https:\/\/elfaroonline.com.ar\/index.php\/wp-json\/wp\/v2\/posts"}],"about":[{"href":"https:\/\/elfaroonline.com.ar\/index.php\/wp-json\/wp\/v2\/types\/post"}],"author":[{"embeddable":true,"href":"https:\/\/elfaroonline.com.ar\/index.php\/wp-json\/wp\/v2\/users\/2"}],"replies":[{"embeddable":true,"href":"https:\/\/elfaroonline.com.ar\/index.php\/wp-json\/wp\/v2\/comments?post=4218"}],"version-history":[{"count":1,"href":"https:\/\/elfaroonline.com.ar\/index.php\/wp-json\/wp\/v2\/posts\/4218\/revisions"}],"predecessor-version":[{"id":4220,"href":"https:\/\/elfaroonline.com.ar\/index.php\/wp-json\/wp\/v2\/posts\/4218\/revisions\/4220"}],"wp:featuredmedia":[{"embeddable":true,"href":"https:\/\/elfaroonline.com.ar\/index.php\/wp-json\/wp\/v2\/media\/4219"}],"wp:attachment":[{"href":"https:\/\/elfaroonline.com.ar\/index.php\/wp-json\/wp\/v2\/media?parent=4218"}],"wp:term":[{"taxonomy":"category","embeddable":true,"href":"https:\/\/elfaroonline.com.ar\/index.php\/wp-json\/wp\/v2\/categories?post=4218"},{"taxonomy":"post_tag","embeddable":true,"href":"https:\/\/elfaroonline.com.ar\/index.php\/wp-json\/wp\/v2\/tags?post=4218"}],"curies":[{"name":"wp","href":"https:\/\/api.w.org\/{rel}","templated":true}]}}