{"id":4221,"date":"2025-07-24T21:43:35","date_gmt":"2025-07-25T00:43:35","guid":{"rendered":"https:\/\/elfaroonline.com.ar\/?p=4221"},"modified":"2025-07-24T21:43:35","modified_gmt":"2025-07-25T00:43:35","slug":"catamarca-solicito-la-instalacion-de-una-base-de-control-permanente-de-gendarmeria-en-santa-maria","status":"publish","type":"post","link":"https:\/\/elfaroonline.com.ar\/index.php\/2025\/07\/24\/catamarca-solicito-la-instalacion-de-una-base-de-control-permanente-de-gendarmeria-en-santa-maria\/","title":{"rendered":"Catamarca solicit\u00f3 la instalaci\u00f3n de una base de control permanente de Gendarmer\u00eda en Santa Mar\u00eda"},"content":{"rendered":"<div dir=\"ltr\">\n<p class=\"v1MsoNormal\">Con el objetivo de fortalecer los mecanismos de control en las fronteras de la provincia, y a ra\u00edz del operativo antinarco de Gendarmer\u00eda Nacional llevado a cabo en el interior catamarque\u00f1o d\u00edas atr\u00e1s, con la incautaci\u00f3n de 300 kilos de coca\u00edna, el secretario de Seguridad y Orden P\u00fablico, Mart\u00edn Miranda, coment\u00f3 que realiz\u00f3 un pedido formal en Naci\u00f3n, para establecer otro punto fijo de control de Gendarmer\u00eda Nacional, espec\u00edficamente, en el departamento Santa Mar\u00eda, considerado un lugar estrat\u00e9gico de los Valles Calchaqu\u00edes, en la lucha contra el narcotr\u00e1fico.<\/p>\n<p class=\"v1MsoNormal\">&#8220;La solicitud fue realizada personalmente a la ministra de Seguridad de la Naci\u00f3n y al jefe de Gendarmer\u00eda Nacional, en el marco de la reuni\u00f3n anual del Consejo de Seguridad del Interior, quienes tomaron nota del pedido para avanzar en la instalaci\u00f3n de una base operativa de control permanente, con el objetivo de reforzar la seguridad en esa zona de la provincia&#8221;, destac\u00f3 el funcionario.<\/p>\n<p class=\"v1MsoNormal\">Estas bases de control tienen el prop\u00f3sito de garantizar la seguridad en las fronteras, prevenir el delito y proteger los bienes y recursos del Estado. Adem\u00e1s, buscan controlar el flujo de personas y mercanc\u00edas, y combatir actividades ilegales como el narcotr\u00e1fico y el contrabando.<\/p>\n<p class=\"v1MsoNormal\">Desde el \u00e1rea de seguridad de la provincia sostuvieron que es importante avanzar en el refuerzo de los mecanismos de control en las rutas provinciales y nacionales, con las fuerzas provinciales y federales, que contribuye a una sociedad m\u00e1s segura y a la efectividad de las instituciones estatales.<\/p>\n<\/div>\n","protected":false},"excerpt":{"rendered":"<p>Con el objetivo de fortalecer los mecanismos de control en las fronteras de la provincia, y a ra\u00edz del operativo antinarco de Gendarmer\u00eda Nacional llevado a cabo en el interior catamarque\u00f1o d\u00edas atr\u00e1s, con la incautaci\u00f3n de 300 kilos de coca\u00edna, el secretario de Seguridad y Orden P\u00fablico, Mart\u00edn Miranda, coment\u00f3 que realiz\u00f3 un pedido [&hellip;]<\/p>\n","protected":false},"author":2,"featured_media":4222,"comment_status":"open","ping_status":"open","sticky":false,"template":"","format":"standard","meta":{"footnotes":""},"categories":[27],"tags":[],"class_list":{"0":"post-4221","1":"post","2":"type-post","3":"status-publish","4":"format-standard","5":"has-post-thumbnail","7":"category-policiales"},"aioseo_notices":[],"_links":{"self":[{"href":"https:\/\/elfaroonline.com.ar\/index.php\/wp-json\/wp\/v2\/posts\/4221","targetHints":{"allow":["GET"]}}],"collection":[{"href":"https:\/\/elfaroonline.com.ar\/index.php\/wp-json\/wp\/v2\/posts"}],"about":[{"href":"https:\/\/elfaroonline.com.ar\/index.php\/wp-json\/wp\/v2\/types\/post"}],"author":[{"embeddable":true,"href":"https:\/\/elfaroonline.com.ar\/index.php\/wp-json\/wp\/v2\/users\/2"}],"replies":[{"embeddable":true,"href":"https:\/\/elfaroonline.com.ar\/index.php\/wp-json\/wp\/v2\/comments?post=4221"}],"version-history":[{"count":1,"href":"https:\/\/elfaroonline.com.ar\/index.php\/wp-json\/wp\/v2\/posts\/4221\/revisions"}],"predecessor-version":[{"id":4223,"href":"https:\/\/elfaroonline.com.ar\/index.php\/wp-json\/wp\/v2\/posts\/4221\/revisions\/4223"}],"wp:featuredmedia":[{"embeddable":true,"href":"https:\/\/elfaroonline.com.ar\/index.php\/wp-json\/wp\/v2\/media\/4222"}],"wp:attachment":[{"href":"https:\/\/elfaroonline.com.ar\/index.php\/wp-json\/wp\/v2\/media?parent=4221"}],"wp:term":[{"taxonomy":"category","embeddable":true,"href":"https:\/\/elfaroonline.com.ar\/index.php\/wp-json\/wp\/v2\/categories?post=4221"},{"taxonomy":"post_tag","embeddable":true,"href":"https:\/\/elfaroonline.com.ar\/index.php\/wp-json\/wp\/v2\/tags?post=4221"}],"curies":[{"name":"wp","href":"https:\/\/api.w.org\/{rel}","templated":true}]}}