{"id":4224,"date":"2025-07-24T21:41:29","date_gmt":"2025-07-25T00:41:29","guid":{"rendered":"https:\/\/elfaroonline.com.ar\/?p=4224"},"modified":"2025-07-24T21:41:29","modified_gmt":"2025-07-25T00:41:29","slug":"catamarca-fortalece-lazos-con-cordoba-para-potenciar-educacion-produccion-y-desarrollo-tecnologico","status":"publish","type":"post","link":"https:\/\/elfaroonline.com.ar\/index.php\/2025\/07\/24\/catamarca-fortalece-lazos-con-cordoba-para-potenciar-educacion-produccion-y-desarrollo-tecnologico\/","title":{"rendered":"Catamarca fortalece lazos con C\u00f3rdoba para potenciar educaci\u00f3n, producci\u00f3n y desarrollo tecnol\u00f3gico"},"content":{"rendered":"<p class=\"v1MsoNormal\">El gobernador Ra\u00fal Jalil mantuvo una reuni\u00f3n con su par cordob\u00e9s, Mart\u00edn Llaryora, en el Centro C\u00edvico de C\u00f3rdoba, donde abordaron una agenda com\u00fan centrada en la integraci\u00f3n regional y la generaci\u00f3n de empleo genuino. Ambos mandatarios coincidieron en la necesidad de potenciar las capacidades de sus provincias a trav\u00e9s de alianzas estrat\u00e9gicas que impulsen inversiones y crecimiento productivo.<\/p>\n<p class=\"v1MsoNormal\">En el encuentro, se destac\u00f3 el rol de sectores clave como la miner\u00eda, el litio, el gas, el petr\u00f3leo y la econom\u00eda del conocimiento, considerados pilares fundamentales para el desarrollo federal. &#8220;La miner\u00eda, el gas, el petr\u00f3leo y el litio deben pasar a ser parte de la agenda com\u00fan del pa\u00eds, no solo de las provincias productoras&#8221;, aseguraron las autoridades de ambas provincias.<\/p>\n<p class=\"v1MsoNormal\">Llaryora expres\u00f3 su respaldo al desarrollo minero de Catamarca y subray\u00f3 c\u00f3mo su expansi\u00f3n impacta positivamente en la industria metalmec\u00e1nica cordobesa. A su vez, remarc\u00f3 el trabajo de C\u00f3rdoba para diversificar su matriz productiva mediante la promoci\u00f3n de la agroindustria, el turismo y los sectores de alto valor agregado.<\/p>\n<p class=\"v1MsoNormal\">&#8220;La integraci\u00f3n regional es fundamental para el desarrollo y la generaci\u00f3n de empleo genuino. Estamos convencidos de que, trabajando juntos, podemos potenciar sectores estrat\u00e9gicos que son clave para el crecimiento del pa\u00eds&#8221;, destac\u00f3 el mandatario cordob\u00e9s.<\/p>\n<p class=\"v1MsoNormal\"><b>Reuni\u00f3n con Universidad Siglo XXI<\/b><\/p>\n<p class=\"v1MsoNormal\">Por otra parte, el gobernador Ra\u00fal Jalil tambi\u00e9n se reuni\u00f3 con autoridades de la Universidad Siglo XXI, entre ellos Juan Carlos Rabbat y Bel\u00e9n Mend\u00e9, con quienes convers\u00f3 sobre nuevas modalidades educativas que integren la formaci\u00f3n te\u00f3rica con la pr\u00e1ctica profesional. Participaron equipos del Ministerio de Educaci\u00f3n de Catamarca y del Centro Cient\u00edfico y Tecnol\u00f3gico provincial.<\/p>\n<p class=\"v1MsoNormal\">El objetivo de ese encuentro fue analizar propuestas que permitan a los catamarque\u00f1os acceder a trayectos formativos m\u00e1s flexibles, que habiliten el crecimiento en oficios y profesiones al mismo tiempo que se avanza en la trayectoria acad\u00e9mica. &#8220;Hoy la teor\u00eda y la pr\u00e1ctica deben ir de la mano; queremos acompa\u00f1ar a quienes estudian y trabajan con nuevas oportunidades&#8221;, expres\u00f3 el mandatario.<\/p>\n<p class=\"v1MsoNormal\">Ambas reuniones refuerzan la voluntad de Catamarca de construir alianzas con instituciones educativas y gobiernos provinciales para ampliar derechos y generar soluciones concretas. El trabajo conjunto con C\u00f3rdoba marca un paso importante hacia un desarrollo regional que priorice el talento, la producci\u00f3n y la inclusi\u00f3n.<\/p>\n","protected":false},"excerpt":{"rendered":"<p>El gobernador Ra\u00fal Jalil mantuvo una reuni\u00f3n con su par cordob\u00e9s, Mart\u00edn Llaryora, en el Centro C\u00edvico de C\u00f3rdoba, donde abordaron una agenda com\u00fan centrada en la integraci\u00f3n regional y la generaci\u00f3n de empleo genuino. Ambos mandatarios coincidieron en la necesidad de potenciar las capacidades de sus provincias a trav\u00e9s de alianzas estrat\u00e9gicas que impulsen [&hellip;]<\/p>\n","protected":false},"author":2,"featured_media":4225,"comment_status":"open","ping_status":"open","sticky":false,"template":"","format":"standard","meta":{"footnotes":""},"categories":[21],"tags":[],"class_list":{"0":"post-4224","1":"post","2":"type-post","3":"status-publish","4":"format-standard","5":"has-post-thumbnail","7":"category-politica"},"aioseo_notices":[],"_links":{"self":[{"href":"https:\/\/elfaroonline.com.ar\/index.php\/wp-json\/wp\/v2\/posts\/4224","targetHints":{"allow":["GET"]}}],"collection":[{"href":"https:\/\/elfaroonline.com.ar\/index.php\/wp-json\/wp\/v2\/posts"}],"about":[{"href":"https:\/\/elfaroonline.com.ar\/index.php\/wp-json\/wp\/v2\/types\/post"}],"author":[{"embeddable":true,"href":"https:\/\/elfaroonline.com.ar\/index.php\/wp-json\/wp\/v2\/users\/2"}],"replies":[{"embeddable":true,"href":"https:\/\/elfaroonline.com.ar\/index.php\/wp-json\/wp\/v2\/comments?post=4224"}],"version-history":[{"count":1,"href":"https:\/\/elfaroonline.com.ar\/index.php\/wp-json\/wp\/v2\/posts\/4224\/revisions"}],"predecessor-version":[{"id":4226,"href":"https:\/\/elfaroonline.com.ar\/index.php\/wp-json\/wp\/v2\/posts\/4224\/revisions\/4226"}],"wp:featuredmedia":[{"embeddable":true,"href":"https:\/\/elfaroonline.com.ar\/index.php\/wp-json\/wp\/v2\/media\/4225"}],"wp:attachment":[{"href":"https:\/\/elfaroonline.com.ar\/index.php\/wp-json\/wp\/v2\/media?parent=4224"}],"wp:term":[{"taxonomy":"category","embeddable":true,"href":"https:\/\/elfaroonline.com.ar\/index.php\/wp-json\/wp\/v2\/categories?post=4224"},{"taxonomy":"post_tag","embeddable":true,"href":"https:\/\/elfaroonline.com.ar\/index.php\/wp-json\/wp\/v2\/tags?post=4224"}],"curies":[{"name":"wp","href":"https:\/\/api.w.org\/{rel}","templated":true}]}}