{"id":4227,"date":"2025-07-24T21:42:48","date_gmt":"2025-07-25T00:42:48","guid":{"rendered":"https:\/\/elfaroonline.com.ar\/?p=4227"},"modified":"2025-07-24T21:42:48","modified_gmt":"2025-07-25T00:42:48","slug":"operativo-especial-para-el-cierre-del-poncho-2025-en-el-estadio-bicentenario","status":"publish","type":"post","link":"https:\/\/elfaroonline.com.ar\/index.php\/2025\/07\/24\/operativo-especial-para-el-cierre-del-poncho-2025-en-el-estadio-bicentenario\/","title":{"rendered":"Operativo especial para el cierre del Poncho 2025 en el Estadio Bicentenario"},"content":{"rendered":"<div dir=\"ltr\">\n<p class=\"v1MsoNormal\"><span lang=\"ES\">Con motivo del gran cierre del Festival del Poncho 2025, el domingo 27 de julio, se llevar\u00e1 a cabo un operativo especial de seguridad en el Estadio Bicentenario. El traslado del escenario mayor al Estadio motiv\u00f3 una planificaci\u00f3n diferenciada, orientada a garantizar la seguridad de los asistentes y el normal desarrollo del evento en una infraestructura de mayores dimensiones.<\/span><\/p>\n<p class=\"v1MsoNormal\"><b><span lang=\"ES\">Organizaci\u00f3n del ingreso y control perimetral<\/span><\/b><\/p>\n<p class=\"v1MsoNormal\"><span lang=\"ES\">Para el evento de cierre se aplicar\u00e1n anillos conc\u00e9ntricos de control peatonal y vehicular, con estaciones progresivas:<\/span><\/p>\n<p class=\"v1MsoNormal\"><span lang=\"ES\">1) Corte vehicular total (salvo m\u00f3viles oficiales)<\/span><\/p>\n<p class=\"v1MsoNormal\"><span lang=\"ES\">2) Control de entrada con exhibici\u00f3n de tickets<\/span><\/p>\n<p class=\"v1MsoNormal\"><span lang=\"ES\">3) Control de seguridad (control de objetos prohibidos o bebidas alcoh\u00f3licas)<\/span><\/p>\n<p class=\"v1MsoNormal\"><span lang=\"ES\">4) Corte final de acceso al estadio<\/span><\/p>\n<p class=\"v1MsoNormal\"><span lang=\"ES\">Los ingresos estar\u00e1n diferenciados seg\u00fan sector (campo, popular norte\/sur, artistas) y se ha dispuesto un corredor peatonal vallado sobre Av. Autonom\u00eda, de uso exclusivo para asistentes, con iluminaci\u00f3n y presencia permanente de efectivos.<\/span><\/p>\n<p class=\"v1MsoNormal\"><span lang=\"ES\">Las plateas este y oeste estar\u00e1n inhabilitadas, concentrando el p\u00fablico en los sectores populares y el campo (sector A y B), debidamente se\u00f1alizados y monitoreados.<\/span><\/p>\n<p class=\"v1MsoNormal\"><b><span lang=\"ES\">Contingentes y control interprovincial<\/span><\/b><\/p>\n<p class=\"v1MsoNormal\"><span lang=\"ES\">El operativo incluye la fiscalizaci\u00f3n de contingentes organizados y micros provenientes de otras provincias. Se instalar\u00e1n controles en los puestos camineros de La Vi\u00f1a, Sumalao, Nueva Coneta y El Portezuelo, con participaci\u00f3n de la Direcci\u00f3n de Tr\u00e1nsito, Drogas Peligrosas y Polic\u00eda Judicial. Se realizar\u00e1n controles de identidad, antecedentes, inspecci\u00f3n vehicular y detecci\u00f3n de sustancias o elementos ilegales.<\/span><\/p>\n<p class=\"v1MsoNormal\"><span lang=\"ES\">Adem\u00e1s, se coordinar\u00e1 con Defensa Civil, la Municipalidad y Seguridad Vial para tareas de evacuaci\u00f3n, reordenamiento del tr\u00e1nsito y prevenci\u00f3n en zonas de estacionamiento y circulaci\u00f3n.<\/span><\/p>\n<\/div>\n","protected":false},"excerpt":{"rendered":"<p>Con motivo del gran cierre del Festival del Poncho 2025, el domingo 27 de julio, se llevar\u00e1 a cabo un operativo especial de seguridad en el Estadio Bicentenario. El traslado del escenario mayor al Estadio motiv\u00f3 una planificaci\u00f3n diferenciada, orientada a garantizar la seguridad de los asistentes y el normal desarrollo del evento en una [&hellip;]<\/p>\n","protected":false},"author":2,"featured_media":4228,"comment_status":"open","ping_status":"open","sticky":false,"template":"","format":"standard","meta":{"footnotes":""},"categories":[27],"tags":[],"class_list":{"0":"post-4227","1":"post","2":"type-post","3":"status-publish","4":"format-standard","5":"has-post-thumbnail","7":"category-policiales"},"aioseo_notices":[],"_links":{"self":[{"href":"https:\/\/elfaroonline.com.ar\/index.php\/wp-json\/wp\/v2\/posts\/4227","targetHints":{"allow":["GET"]}}],"collection":[{"href":"https:\/\/elfaroonline.com.ar\/index.php\/wp-json\/wp\/v2\/posts"}],"about":[{"href":"https:\/\/elfaroonline.com.ar\/index.php\/wp-json\/wp\/v2\/types\/post"}],"author":[{"embeddable":true,"href":"https:\/\/elfaroonline.com.ar\/index.php\/wp-json\/wp\/v2\/users\/2"}],"replies":[{"embeddable":true,"href":"https:\/\/elfaroonline.com.ar\/index.php\/wp-json\/wp\/v2\/comments?post=4227"}],"version-history":[{"count":1,"href":"https:\/\/elfaroonline.com.ar\/index.php\/wp-json\/wp\/v2\/posts\/4227\/revisions"}],"predecessor-version":[{"id":4229,"href":"https:\/\/elfaroonline.com.ar\/index.php\/wp-json\/wp\/v2\/posts\/4227\/revisions\/4229"}],"wp:featuredmedia":[{"embeddable":true,"href":"https:\/\/elfaroonline.com.ar\/index.php\/wp-json\/wp\/v2\/media\/4228"}],"wp:attachment":[{"href":"https:\/\/elfaroonline.com.ar\/index.php\/wp-json\/wp\/v2\/media?parent=4227"}],"wp:term":[{"taxonomy":"category","embeddable":true,"href":"https:\/\/elfaroonline.com.ar\/index.php\/wp-json\/wp\/v2\/categories?post=4227"},{"taxonomy":"post_tag","embeddable":true,"href":"https:\/\/elfaroonline.com.ar\/index.php\/wp-json\/wp\/v2\/tags?post=4227"}],"curies":[{"name":"wp","href":"https:\/\/api.w.org\/{rel}","templated":true}]}}