{"id":4233,"date":"2025-07-24T21:44:50","date_gmt":"2025-07-25T00:44:50","guid":{"rendered":"https:\/\/elfaroonline.com.ar\/?p=4233"},"modified":"2025-07-24T21:44:50","modified_gmt":"2025-07-25T00:44:50","slug":"noche-historica-40-mil-personas-bailaron-con-damian-cordoba-en-el-poncho","status":"publish","type":"post","link":"https:\/\/elfaroonline.com.ar\/index.php\/2025\/07\/24\/noche-historica-40-mil-personas-bailaron-con-damian-cordoba-en-el-poncho\/","title":{"rendered":"Noche hist\u00f3rica: 40 mil personas bailaron con Dami\u00e1n C\u00f3rdoba en el Poncho"},"content":{"rendered":"<p class=\"v1MsoNormal\">Una multitud de 40 mil personas celebr\u00f3 a puro ritmo cuartetero la presentaci\u00f3n del catamarque\u00f1o Dami\u00e1n C\u00f3rdoba en El Patio del Poncho, en la tarde noche del jueves 24. Con su carisma intacto y una energ\u00eda arrolladora, el cantante hizo vibrar a grandes y chicos al ritmo de sus \u00e9xitos m\u00e1s coreados:\u00a0<i>&#8220;Te pido que la dejes&#8221;<\/i>,\u00a0<i>&#8220;Ya no siento nada&#8221;<\/i>,\u00a0<i>&#8220;Tu peor enemigo&#8221;<\/i>,\u00a0<i>&#8220;Y qu\u00e9 tal&#8221;<\/i>, entre otros hits que marcaron su trayectoria.<\/p>\n<p class=\"v1MsoNormal\">&#8220;Estoy en mi casa, estoy en Catamarca, estoy en mi tierra. Y es un orgullo muy grande para m\u00ed, en estos casi 25 a\u00f1os que voy a cumplir con el cuarteto, estar hoy ante este marco de p\u00fablico, ante la familia que ha venido a verme&#8221;, expres\u00f3 emocionado Dami\u00e1n, quien se mostr\u00f3 agradecido con el p\u00fablico y los medios de su provincia natal.<\/p>\n<p class=\"v1MsoNormal\">Uno de los momentos m\u00e1s emotivos fue la participaci\u00f3n de su hijo, M\u00e1ximo, que lo acompa\u00f1\u00f3 en escena tocando y cantando los temas favoritos del p\u00fablico. Adem\u00e1s, Dami\u00e1n record\u00f3 con gratitud a tres grandes referentes del cuarteto que marcaron su camino: Walter Olmos, Rodrigo y La Mona Jim\u00e9nez \u2014esta \u00faltima figura ser\u00e1 quien cierre la Fiesta Nacional del Poncho el pr\u00f3ximo domingo\u2014.<\/p>\n<p class=\"v1MsoNormal\"><b>Una tarde con artistas para todos los gustos<\/b><b><\/b><\/p>\n<p class=\"v1MsoNormal\">Desde temprano, el Patio fue recibiendo a un p\u00fablico diverso que disfrut\u00f3 de una nutrida cartelera art\u00edstica. El Ballet Alma de Horizonte, de Fray Mamerto Esqui\u00fa, abri\u00f3 la jornada con una destacada puesta en escena. Luego, el romanticismo de Alberto Har\u00f3n, seguido por el jazz y blues de Natalia Brizuela C\u00e9sar, aportaron a la variedad musical de la tarde.<\/p>\n<p class=\"v1MsoNormal\">El folklore volvi\u00f3 al escenario con Jomaray y la participaci\u00f3n especial de la Delegaci\u00f3n del Departamento Ancasti. M\u00e1s tarde, el rock se hizo presente con la banda local\u00a0<i>Calibre Rock<\/i>, que sorprendi\u00f3 al p\u00fablico con una colaboraci\u00f3n junto al joven artista\u00a0<i>Stigma<\/i>, interpretando un tema homenaje a Walter Olmos, y\u00a0 dedicado a los chicos de la calle.<\/p>\n<p class=\"v1MsoNormal\">La jornada continu\u00f3 con la energ\u00eda de<i>\u00a0Magui Leiva,\u00a0Sapitos Forever\u00a0y\u00a0Va de Una,<\/i>\u00a0que fueron preparando el clima para la gran fiesta final. El Patio del Poncho, una vez m\u00e1s, se convirti\u00f3 en un espacio de encuentro, identidad y m\u00fasica compartida, en una noche que quedar\u00e1 grabada en la memoria de todos.<\/p>\n","protected":false},"excerpt":{"rendered":"<p>Una multitud de 40 mil personas celebr\u00f3 a puro ritmo cuartetero la presentaci\u00f3n del catamarque\u00f1o Dami\u00e1n C\u00f3rdoba en El Patio del Poncho, en la tarde noche del jueves 24. Con su carisma intacto y una energ\u00eda arrolladora, el cantante hizo vibrar a grandes y chicos al ritmo de sus \u00e9xitos m\u00e1s coreados:\u00a0&#8220;Te pido que la [&hellip;]<\/p>\n","protected":false},"author":2,"featured_media":4234,"comment_status":"open","ping_status":"open","sticky":false,"template":"","format":"standard","meta":{"footnotes":""},"categories":[23,20],"tags":[],"class_list":{"0":"post-4233","1":"post","2":"type-post","3":"status-publish","4":"format-standard","5":"has-post-thumbnail","7":"category-destacados","8":"category-sociedad"},"aioseo_notices":[],"_links":{"self":[{"href":"https:\/\/elfaroonline.com.ar\/index.php\/wp-json\/wp\/v2\/posts\/4233","targetHints":{"allow":["GET"]}}],"collection":[{"href":"https:\/\/elfaroonline.com.ar\/index.php\/wp-json\/wp\/v2\/posts"}],"about":[{"href":"https:\/\/elfaroonline.com.ar\/index.php\/wp-json\/wp\/v2\/types\/post"}],"author":[{"embeddable":true,"href":"https:\/\/elfaroonline.com.ar\/index.php\/wp-json\/wp\/v2\/users\/2"}],"replies":[{"embeddable":true,"href":"https:\/\/elfaroonline.com.ar\/index.php\/wp-json\/wp\/v2\/comments?post=4233"}],"version-history":[{"count":1,"href":"https:\/\/elfaroonline.com.ar\/index.php\/wp-json\/wp\/v2\/posts\/4233\/revisions"}],"predecessor-version":[{"id":4235,"href":"https:\/\/elfaroonline.com.ar\/index.php\/wp-json\/wp\/v2\/posts\/4233\/revisions\/4235"}],"wp:featuredmedia":[{"embeddable":true,"href":"https:\/\/elfaroonline.com.ar\/index.php\/wp-json\/wp\/v2\/media\/4234"}],"wp:attachment":[{"href":"https:\/\/elfaroonline.com.ar\/index.php\/wp-json\/wp\/v2\/media?parent=4233"}],"wp:term":[{"taxonomy":"category","embeddable":true,"href":"https:\/\/elfaroonline.com.ar\/index.php\/wp-json\/wp\/v2\/categories?post=4233"},{"taxonomy":"post_tag","embeddable":true,"href":"https:\/\/elfaroonline.com.ar\/index.php\/wp-json\/wp\/v2\/tags?post=4233"}],"curies":[{"name":"wp","href":"https:\/\/api.w.org\/{rel}","templated":true}]}}