{"id":4241,"date":"2025-07-31T18:20:43","date_gmt":"2025-07-31T21:20:43","guid":{"rendered":"https:\/\/elfaroonline.com.ar\/?p=4241"},"modified":"2025-07-31T18:20:43","modified_gmt":"2025-07-31T21:20:43","slug":"tarifa-de-interes-social-el-gobierno-despliega-operativo-de-empadronamiento","status":"publish","type":"post","link":"https:\/\/elfaroonline.com.ar\/index.php\/2025\/07\/31\/tarifa-de-interes-social-el-gobierno-despliega-operativo-de-empadronamiento\/","title":{"rendered":"Tarifa de Inter\u00e9s Social: El Gobierno despliega operativo de empadronamiento"},"content":{"rendered":"<p class=\"v1MsoNormal\">El Gobierno de Catamarca contin\u00faa con el operativo de empadronamiento para acceder a la Tarifa de Inter\u00e9s Social, un subsidio que busca aliviar el costo del servicio el\u00e9ctrico en hogares de bajos recursos.<\/p>\n<p class=\"v1MsoNormal\">Con el objetivo de facilitar el acceso al beneficio, el gobierno despleg\u00f3 un fuerte operativo territorial. Agentes recorrer\u00e1n distintos barrios de la Capital para brindar asesoramiento y entregar material informativo.<\/p>\n<p class=\"v1MsoNormal\">Desde el Ejecutivo provincial recordaron la importancia de realizar el tr\u00e1mite para asegurar el acceso a este beneficio que apunta a garantizar el derecho a la energ\u00eda en condiciones justas y equitativas. La semana pasada, en el Barrio Santa Marta, m\u00e1s de 70 usuarios se empadronaron y gozar\u00e1n del beneficio en sus pr\u00f3ximas facturas.<\/p>\n<p class=\"v1MsoNormal\">El beneficio contempla la cobertura total del consumo de hasta 400 kWh bimestrales (equivalente a 200 kWh mensuales) y la reducci\u00f3n del 50% del cargo fijo de la factura de luz. No obstante, si el consumo del usuario supera los 1000 kWh bimestrales, el subsidio se suspender\u00e1 de forma temporal.<\/p>\n<p class=\"v1MsoNormal\">Adem\u00e1s, la inscripci\u00f3n se realiza a trav\u00e9s de un formulario web disponible en el sitio de la distribuidora,<a href=\"https:\/\/www.ecsapem.com.ar\/\" target=\"_blank\" rel=\"noopener noreferrer\">https:\/\/www.ecsapem.com.ar<\/a>. Para completar el formulario, se requiere el DNI del titular del servicio y documentaci\u00f3n adicional que respalde la condici\u00f3n de inclusi\u00f3n elegida (recibos de sueldo, constancia de beneficios sociales, etc.).<\/p>\n<p class=\"v1MsoNormal\">Las solicitudes ser\u00e1n evaluadas y los beneficiarios ser\u00e1n notificados por correo electr\u00f3nico.\u00a0 Cabe destacar que este subsidio es complementario al subsidio nacional de energ\u00eda, pudiendo acceder a ambos simult\u00e1neamente.\u00a0 Si bien los usuarios que ya cuentan con la tarifa social deben inscribirse nuevamente, la inscripci\u00f3n al programa solo se realizar\u00e1 una vez por cada periodo de empadronamiento.<\/p>\n<p class=\"v1MsoNormal\"><b>Principales requisitos y beneficiarios <\/b><\/p>\n<p class=\"v1MsoNormal\">Para acceder al beneficio, los usuarios deben cumplir con al menos uno de los siguientes requisitos, sin superar en ning\u00fan caso el equivalente a dos Salarios M\u00ednimos Vitales y M\u00f3viles (SMVM) en ingresos totales:<\/p>\n<p class=\"v1MsoNormal\">-Jubilados y pensionados: Con remuneraci\u00f3n bruta igual o inferior a dos SMVM.<\/p>\n<p class=\"v1MsoNormal\">-Grupos familiares: Con ingresos brutos mensuales iguales o inferiores a dos SMVM.<\/p>\n<p class=\"v1MsoNormal\">-Empleados de casas particulares: Inscriptos en el R\u00e9gimen Especial de Seguridad Social (Ley N\u00b0 26.844).<\/p>\n<p class=\"v1MsoNormal\">-Beneficiarios de programas sociales: AUH, Becas Progresar, Monotributo Social, pensiones no contributivas, Potenciar, u otros.<\/p>\n<p class=\"v1MsoNormal\">-Veteranos de la Guerra de Malvinas.<\/p>\n<p class=\"v1MsoNormal\">Se excluyen del programa aquellos usuarios con tarifa general, m\u00e1s de un suministro a su nombre o deudas pendientes con la distribuidora.<\/p>\n<p class=\"v1MsoNormal\">Para m\u00e1s informaci\u00f3n o consultas sobre la actualizaci\u00f3n de datos personales, comunicarse con la distribuidora a trav\u00e9s de los tel\u00e9fonos de contacto o acerc\u00e1ndose a la oficina comercial m\u00e1s cercana.<\/p>\n","protected":false},"excerpt":{"rendered":"<p>El Gobierno de Catamarca contin\u00faa con el operativo de empadronamiento para acceder a la Tarifa de Inter\u00e9s Social, un subsidio que busca aliviar el costo del servicio el\u00e9ctrico en hogares de bajos recursos. Con el objetivo de facilitar el acceso al beneficio, el gobierno despleg\u00f3 un fuerte operativo territorial. Agentes recorrer\u00e1n distintos barrios de la [&hellip;]<\/p>\n","protected":false},"author":2,"featured_media":4242,"comment_status":"open","ping_status":"open","sticky":false,"template":"","format":"standard","meta":{"footnotes":""},"categories":[20],"tags":[],"class_list":{"0":"post-4241","1":"post","2":"type-post","3":"status-publish","4":"format-standard","5":"has-post-thumbnail","7":"category-sociedad"},"aioseo_notices":[],"_links":{"self":[{"href":"https:\/\/elfaroonline.com.ar\/index.php\/wp-json\/wp\/v2\/posts\/4241","targetHints":{"allow":["GET"]}}],"collection":[{"href":"https:\/\/elfaroonline.com.ar\/index.php\/wp-json\/wp\/v2\/posts"}],"about":[{"href":"https:\/\/elfaroonline.com.ar\/index.php\/wp-json\/wp\/v2\/types\/post"}],"author":[{"embeddable":true,"href":"https:\/\/elfaroonline.com.ar\/index.php\/wp-json\/wp\/v2\/users\/2"}],"replies":[{"embeddable":true,"href":"https:\/\/elfaroonline.com.ar\/index.php\/wp-json\/wp\/v2\/comments?post=4241"}],"version-history":[{"count":1,"href":"https:\/\/elfaroonline.com.ar\/index.php\/wp-json\/wp\/v2\/posts\/4241\/revisions"}],"predecessor-version":[{"id":4243,"href":"https:\/\/elfaroonline.com.ar\/index.php\/wp-json\/wp\/v2\/posts\/4241\/revisions\/4243"}],"wp:featuredmedia":[{"embeddable":true,"href":"https:\/\/elfaroonline.com.ar\/index.php\/wp-json\/wp\/v2\/media\/4242"}],"wp:attachment":[{"href":"https:\/\/elfaroonline.com.ar\/index.php\/wp-json\/wp\/v2\/media?parent=4241"}],"wp:term":[{"taxonomy":"category","embeddable":true,"href":"https:\/\/elfaroonline.com.ar\/index.php\/wp-json\/wp\/v2\/categories?post=4241"},{"taxonomy":"post_tag","embeddable":true,"href":"https:\/\/elfaroonline.com.ar\/index.php\/wp-json\/wp\/v2\/tags?post=4241"}],"curies":[{"name":"wp","href":"https:\/\/api.w.org\/{rel}","templated":true}]}}