{"id":4244,"date":"2025-07-31T18:23:44","date_gmt":"2025-07-31T21:23:44","guid":{"rendered":"https:\/\/elfaroonline.com.ar\/?p=4244"},"modified":"2025-07-31T18:23:44","modified_gmt":"2025-07-31T21:23:44","slug":"mas-familias-catamarquenas-accederan-al-titulo-de-propiedad-gracias-a-la-ley-pierri","status":"publish","type":"post","link":"https:\/\/elfaroonline.com.ar\/index.php\/2025\/07\/31\/mas-familias-catamarquenas-accederan-al-titulo-de-propiedad-gracias-a-la-ley-pierri\/","title":{"rendered":"M\u00e1s familias catamarque\u00f1as acceder\u00e1n al t\u00edtulo de propiedad gracias a la Ley Pierri"},"content":{"rendered":"<p class=\"v1MsoNormal\">A trav\u00e9s de un convenio que firm\u00f3 la Agencia de Recaudaci\u00f3n de Catamarca (ARCAT) con el Colegio de Agrimensores de la Provincia, el Gobierno impulsa la regularizaci\u00f3n dominial en el marco de la Ley Nacional 24.374, conocida como Ley Pierri.<\/p>\n<p class=\"v1MsoNormal\">Gracias a este acuerdo, se continuar\u00e1 con el proceso de regularizaci\u00f3n gratuita de inmuebles urbanos y rurales edificados, lo que permitir\u00e1 que m\u00e1s familias catamarque\u00f1as accedan al t\u00edtulo de propiedad de su vivienda \u00fanica y permanente.<br \/>\nEl convenio fue suscripto por el director ejecutivo de ARCAT, Ing. Pedro Monferr\u00e1n; el presidente del Colegio de Agrimensores, Ing. Ra\u00fal Blas; la directora general de Catastro, Ing. Mar\u00eda de los \u00c1ngeles Silva, y el director provincial de Saneamiento de T\u00edtulos, Dr. Mart\u00edn Molina.<\/p>\n<p class=\"v1MsoNormal\">\n<p class=\"v1MsoNormal\"><b>Ley Pierri<\/b><\/p>\n<p class=\"v1MsoNormal\">La Ley Pierri es una herramienta que posibilita otorgar la propiedad a ocupantes de buena fe que acrediten la posesi\u00f3n p\u00fablica, pac\u00edfica y continua del inmueble por al menos tres a\u00f1os antes del 1 de enero de 2009, siempre que est\u00e9 destinado a vivienda \u00fanica y permanente.<\/p>\n<p class=\"v1MsoNormal\">Actualmente, ARCAT ya concluy\u00f3 m\u00e1s de 160 tr\u00e1mites en el marco de esta ley, y se encuentran en proceso alrededor de 200 casos m\u00e1s, lo que da cuenta del avance sostenido en materia de inclusi\u00f3n registral y acceso a derechos.<\/p>\n","protected":false},"excerpt":{"rendered":"<p>A trav\u00e9s de un convenio que firm\u00f3 la Agencia de Recaudaci\u00f3n de Catamarca (ARCAT) con el Colegio de Agrimensores de la Provincia, el Gobierno impulsa la regularizaci\u00f3n dominial en el marco de la Ley Nacional 24.374, conocida como Ley Pierri. Gracias a este acuerdo, se continuar\u00e1 con el proceso de regularizaci\u00f3n gratuita de inmuebles urbanos [&hellip;]<\/p>\n","protected":false},"author":2,"featured_media":4245,"comment_status":"open","ping_status":"open","sticky":false,"template":"","format":"standard","meta":{"footnotes":""},"categories":[21],"tags":[],"class_list":{"0":"post-4244","1":"post","2":"type-post","3":"status-publish","4":"format-standard","5":"has-post-thumbnail","7":"category-politica"},"aioseo_notices":[],"_links":{"self":[{"href":"https:\/\/elfaroonline.com.ar\/index.php\/wp-json\/wp\/v2\/posts\/4244","targetHints":{"allow":["GET"]}}],"collection":[{"href":"https:\/\/elfaroonline.com.ar\/index.php\/wp-json\/wp\/v2\/posts"}],"about":[{"href":"https:\/\/elfaroonline.com.ar\/index.php\/wp-json\/wp\/v2\/types\/post"}],"author":[{"embeddable":true,"href":"https:\/\/elfaroonline.com.ar\/index.php\/wp-json\/wp\/v2\/users\/2"}],"replies":[{"embeddable":true,"href":"https:\/\/elfaroonline.com.ar\/index.php\/wp-json\/wp\/v2\/comments?post=4244"}],"version-history":[{"count":1,"href":"https:\/\/elfaroonline.com.ar\/index.php\/wp-json\/wp\/v2\/posts\/4244\/revisions"}],"predecessor-version":[{"id":4246,"href":"https:\/\/elfaroonline.com.ar\/index.php\/wp-json\/wp\/v2\/posts\/4244\/revisions\/4246"}],"wp:featuredmedia":[{"embeddable":true,"href":"https:\/\/elfaroonline.com.ar\/index.php\/wp-json\/wp\/v2\/media\/4245"}],"wp:attachment":[{"href":"https:\/\/elfaroonline.com.ar\/index.php\/wp-json\/wp\/v2\/media?parent=4244"}],"wp:term":[{"taxonomy":"category","embeddable":true,"href":"https:\/\/elfaroonline.com.ar\/index.php\/wp-json\/wp\/v2\/categories?post=4244"},{"taxonomy":"post_tag","embeddable":true,"href":"https:\/\/elfaroonline.com.ar\/index.php\/wp-json\/wp\/v2\/tags?post=4244"}],"curies":[{"name":"wp","href":"https:\/\/api.w.org\/{rel}","templated":true}]}}