{"id":4247,"date":"2025-07-31T18:26:23","date_gmt":"2025-07-31T21:26:23","guid":{"rendered":"https:\/\/elfaroonline.com.ar\/?p=4247"},"modified":"2025-07-31T18:26:23","modified_gmt":"2025-07-31T21:26:23","slug":"la-sube-llegara-al-interior-provincial-el-ministerio-de-transporte-convoca-a-comercios-a-sumarse-como-puntos-de-carga-y-venta","status":"publish","type":"post","link":"https:\/\/elfaroonline.com.ar\/index.php\/2025\/07\/31\/la-sube-llegara-al-interior-provincial-el-ministerio-de-transporte-convoca-a-comercios-a-sumarse-como-puntos-de-carga-y-venta\/","title":{"rendered":"La SUBE llegar\u00e1 al interior provincial: el Ministerio de Transporte convoca a comercios a sumarse como puntos de carga y venta"},"content":{"rendered":"<p class=\"v1MsoNormal\">En el marco de la implementaci\u00f3n progresiva del sistema SUBE en el interior de Catamarca, el Ministerio de Integraci\u00f3n Regional, Log\u00edstica y Transporte convoca a comercios de distintas localidades a postularse para integrar la red de puntos de carga y venta de tarjetas.<\/p>\n<p class=\"v1MsoNormal\">La convocatoria est\u00e1 dirigida a establecimientos ubicados en Santa Mar\u00eda, Tinogasta, Andalgal\u00e1, Bel\u00e9n, Londres, Chumbicha, Capay\u00e1n, Huillapima, Miraflores y Coneta, donde pr\u00f3ximamente se pondr\u00e1 en funcionamiento el sistema SUBE como parte de una estrategia integral de modernizaci\u00f3n del transporte p\u00fablico en todo el territorio provincial.<\/p>\n<p class=\"v1MsoNormal\">Esta iniciativa busca garantizar una mayor equidad territorial en el acceso a los servicios de transporte, fortaleciendo la presencia del sistema en zonas que hasta el momento no contaban con esta herramienta de gesti\u00f3n y pago.<\/p>\n<p class=\"v1MsoNormal\">\u00a0Los comercios interesados en participar deber\u00e1n enviar un correo electr\u00f3nico a la secretar\u00eda de Transporte:<a href=\"mailto:secretariadetransporte@catamarca.gov.ar\" rel=\"noreferrer\">secretariadetransporte@catamarca.gov.ar<\/a> con los siguientes datos:<\/p>\n<p class=\"v1MsoNormal\">\u00a0\u00a0\u00a0\u00a0\u00a0\u00a0\u00a0\u00a0\u00a0\u00a0\u00a0 \u2022\u00a0\u00a0\u00a0\u00a0\u00a0\u00a0\u00a0\u00a0\u00a0\u00a0 Nombre y apellido del titular o raz\u00f3n social del comercio<\/p>\n<p class=\"v1MsoNormal\">\u00a0\u00a0\u00a0\u00a0\u00a0\u00a0\u00a0\u00a0\u00a0\u00a0\u00a0 \u2022\u00a0\u00a0\u00a0\u00a0\u00a0\u00a0\u00a0\u00a0\u00a0\u00a0 Tel\u00e9fono de contacto<\/p>\n<p class=\"v1MsoNormal\">\u00a0\u00a0\u00a0\u00a0\u00a0\u00a0\u00a0\u00a0\u00a0\u00a0\u00a0 \u2022\u00a0\u00a0\u00a0\u00a0\u00a0\u00a0\u00a0\u00a0\u00a0\u00a0 Domicilio exacto del local (se solicita incluir coordenadas geogr\u00e1ficas)<\/p>\n<p class=\"v1MsoNormal\">El Ministerio evaluar\u00e1 las postulaciones conforme a los criterios t\u00e9cnicos definidos para la expansi\u00f3n del sistema, priorizando la cobertura territorial y la accesibilidad para los usuarios.<\/p>\n","protected":false},"excerpt":{"rendered":"<p>En el marco de la implementaci\u00f3n progresiva del sistema SUBE en el interior de Catamarca, el Ministerio de Integraci\u00f3n Regional, Log\u00edstica y Transporte convoca a comercios de distintas localidades a postularse para integrar la red de puntos de carga y venta de tarjetas. La convocatoria est\u00e1 dirigida a establecimientos ubicados en Santa Mar\u00eda, Tinogasta, Andalgal\u00e1, [&hellip;]<\/p>\n","protected":false},"author":2,"featured_media":4248,"comment_status":"open","ping_status":"open","sticky":false,"template":"","format":"standard","meta":{"footnotes":""},"categories":[20],"tags":[],"class_list":{"0":"post-4247","1":"post","2":"type-post","3":"status-publish","4":"format-standard","5":"has-post-thumbnail","7":"category-sociedad"},"aioseo_notices":[],"_links":{"self":[{"href":"https:\/\/elfaroonline.com.ar\/index.php\/wp-json\/wp\/v2\/posts\/4247","targetHints":{"allow":["GET"]}}],"collection":[{"href":"https:\/\/elfaroonline.com.ar\/index.php\/wp-json\/wp\/v2\/posts"}],"about":[{"href":"https:\/\/elfaroonline.com.ar\/index.php\/wp-json\/wp\/v2\/types\/post"}],"author":[{"embeddable":true,"href":"https:\/\/elfaroonline.com.ar\/index.php\/wp-json\/wp\/v2\/users\/2"}],"replies":[{"embeddable":true,"href":"https:\/\/elfaroonline.com.ar\/index.php\/wp-json\/wp\/v2\/comments?post=4247"}],"version-history":[{"count":1,"href":"https:\/\/elfaroonline.com.ar\/index.php\/wp-json\/wp\/v2\/posts\/4247\/revisions"}],"predecessor-version":[{"id":4249,"href":"https:\/\/elfaroonline.com.ar\/index.php\/wp-json\/wp\/v2\/posts\/4247\/revisions\/4249"}],"wp:featuredmedia":[{"embeddable":true,"href":"https:\/\/elfaroonline.com.ar\/index.php\/wp-json\/wp\/v2\/media\/4248"}],"wp:attachment":[{"href":"https:\/\/elfaroonline.com.ar\/index.php\/wp-json\/wp\/v2\/media?parent=4247"}],"wp:term":[{"taxonomy":"category","embeddable":true,"href":"https:\/\/elfaroonline.com.ar\/index.php\/wp-json\/wp\/v2\/categories?post=4247"},{"taxonomy":"post_tag","embeddable":true,"href":"https:\/\/elfaroonline.com.ar\/index.php\/wp-json\/wp\/v2\/tags?post=4247"}],"curies":[{"name":"wp","href":"https:\/\/api.w.org\/{rel}","templated":true}]}}