{"id":4250,"date":"2025-07-31T18:28:37","date_gmt":"2025-07-31T21:28:37","guid":{"rendered":"https:\/\/elfaroonline.com.ar\/?p=4250"},"modified":"2025-07-31T18:28:37","modified_gmt":"2025-07-31T21:28:37","slug":"seguridad-implementa-nueva-tecnologia-para-agilizar-procesos-y-controles-viales","status":"publish","type":"post","link":"https:\/\/elfaroonline.com.ar\/index.php\/2025\/07\/31\/seguridad-implementa-nueva-tecnologia-para-agilizar-procesos-y-controles-viales\/","title":{"rendered":"Seguridad implementa nueva tecnolog\u00eda para agilizar procesos y controles viales"},"content":{"rendered":"<p class=\"v1MsoNormal\">En el marco del plan de modernizaci\u00f3n de las fuerzas de seguridad, se llev\u00f3 a cabo una reuni\u00f3n entre la Secretar\u00eda de Seguridad y Orden P\u00fablico y la Secretar\u00eda de Modernizaci\u00f3n, para tratar diversos puntos, con el objetivo de avanzar en el proceso de mejoramiento, optimizaci\u00f3n y refuerzo del sistema de seguridad en la provincia.<\/p>\n<p class=\"v1MsoNormal\">\n<p class=\"v1MsoNormal\">Uno de los temas abordados fue trabajar en la implementaci\u00f3n del sistema de reconocimiento facial, para dotar a la Direcci\u00f3n de Antecedentes con esta tecnolog\u00eda biom\u00e9trica, que permite identificar o verificar la identidad de una persona utilizando su rostro. Esto se da en el marco de un convenio que se firm\u00f3 entre Modernizaci\u00f3n y el Registro Nacional de las Personas (RENAPER).<\/p>\n<p class=\"v1MsoNormal\">\n<p class=\"v1MsoNormal\"><b>Controles <\/b><\/p>\n<p class=\"v1MsoNormal\">\n<p class=\"v1MsoNormal\">Otro de los puntos analizados fue avanzar en la incorporaci\u00f3n de c\u00e1maras lectoras de patentes que ya est\u00e1n en Catamarca, producto de la entrega realizada a trav\u00e9s del Consejo de Seguridad Interior, y el sistema de reconocimiento facial que va a permitir mayores controles de seguridad e identificaci\u00f3n. Cabe mencionar, que estos dispositivos, se utilizan en diversas situaciones, como: control de acceso, seguridad, vigilancia y monitoreo de tr\u00e1fico. Como as\u00ed tambi\u00e9n, facilitando la autenticaci\u00f3n de identidad.<\/p>\n<p class=\"v1MsoNormal\">\n<p class=\"v1MsoNormal\"><b>Agilizar procesos<\/b><\/p>\n<p class=\"v1MsoNormal\">\n<p class=\"v1MsoNormal\">Continuando con la incorporaci\u00f3n de m\u00e1s tecnolog\u00eda e innovaci\u00f3n, se trat\u00f3 tambi\u00e9n, sobre la digitalizaci\u00f3n de multas por contravenciones al C\u00f3digo de Faltas Provincial, donde se comenzar\u00e1 a trabajar con un relevamiento en el Juzgado de Faltas Provincial, para dise\u00f1ar un software adecuado que permita agilizar los procesos y permita el cobro de multas a trav\u00e9s de medios digitales.<\/p>\n<p class=\"v1MsoNormal\">La incorporaci\u00f3n de estas tecnolog\u00edas de avanzada, permitir\u00e1 mejorar el trabajo diario de las fuerzas de seguridad y brindar una respuesta m\u00e1s activa a la sociedad.<\/p>\n<p class=\"v1MsoNormal\">\n<p class=\"v1MsoNormal\">Participaron de la importante reuni\u00f3n el secretario de Seguridad y Orden P\u00fablico, Mart\u00edn Miranda, el equipo de la direcci\u00f3n Provincial de Modernizaci\u00f3n y Tecnolog\u00edas Aplicadas a la Seguridad (SAE 911), el director de Coordinaci\u00f3n y Ejecuci\u00f3n, Emiliano Carignano y el director de Planificaci\u00f3n y Estad\u00edstica Criminal, Jos\u00e9 Fern\u00e1ndez.<\/p>\n","protected":false},"excerpt":{"rendered":"<p>En el marco del plan de modernizaci\u00f3n de las fuerzas de seguridad, se llev\u00f3 a cabo una reuni\u00f3n entre la Secretar\u00eda de Seguridad y Orden P\u00fablico y la Secretar\u00eda de Modernizaci\u00f3n, para tratar diversos puntos, con el objetivo de avanzar en el proceso de mejoramiento, optimizaci\u00f3n y refuerzo del sistema de seguridad en la provincia. [&hellip;]<\/p>\n","protected":false},"author":2,"featured_media":4251,"comment_status":"open","ping_status":"open","sticky":false,"template":"","format":"standard","meta":{"footnotes":""},"categories":[27],"tags":[],"class_list":{"0":"post-4250","1":"post","2":"type-post","3":"status-publish","4":"format-standard","5":"has-post-thumbnail","7":"category-policiales"},"aioseo_notices":[],"_links":{"self":[{"href":"https:\/\/elfaroonline.com.ar\/index.php\/wp-json\/wp\/v2\/posts\/4250","targetHints":{"allow":["GET"]}}],"collection":[{"href":"https:\/\/elfaroonline.com.ar\/index.php\/wp-json\/wp\/v2\/posts"}],"about":[{"href":"https:\/\/elfaroonline.com.ar\/index.php\/wp-json\/wp\/v2\/types\/post"}],"author":[{"embeddable":true,"href":"https:\/\/elfaroonline.com.ar\/index.php\/wp-json\/wp\/v2\/users\/2"}],"replies":[{"embeddable":true,"href":"https:\/\/elfaroonline.com.ar\/index.php\/wp-json\/wp\/v2\/comments?post=4250"}],"version-history":[{"count":1,"href":"https:\/\/elfaroonline.com.ar\/index.php\/wp-json\/wp\/v2\/posts\/4250\/revisions"}],"predecessor-version":[{"id":4252,"href":"https:\/\/elfaroonline.com.ar\/index.php\/wp-json\/wp\/v2\/posts\/4250\/revisions\/4252"}],"wp:featuredmedia":[{"embeddable":true,"href":"https:\/\/elfaroonline.com.ar\/index.php\/wp-json\/wp\/v2\/media\/4251"}],"wp:attachment":[{"href":"https:\/\/elfaroonline.com.ar\/index.php\/wp-json\/wp\/v2\/media?parent=4250"}],"wp:term":[{"taxonomy":"category","embeddable":true,"href":"https:\/\/elfaroonline.com.ar\/index.php\/wp-json\/wp\/v2\/categories?post=4250"},{"taxonomy":"post_tag","embeddable":true,"href":"https:\/\/elfaroonline.com.ar\/index.php\/wp-json\/wp\/v2\/tags?post=4250"}],"curies":[{"name":"wp","href":"https:\/\/api.w.org\/{rel}","templated":true}]}}