{"id":4253,"date":"2025-07-31T18:31:03","date_gmt":"2025-07-31T21:31:03","guid":{"rendered":"https:\/\/elfaroonline.com.ar\/?p=4253"},"modified":"2025-07-31T18:31:03","modified_gmt":"2025-07-31T21:31:03","slug":"el-estado-provincial-recupero-lo-invertido-en-el-poncho-2025","status":"publish","type":"post","link":"https:\/\/elfaroonline.com.ar\/index.php\/2025\/07\/31\/el-estado-provincial-recupero-lo-invertido-en-el-poncho-2025\/","title":{"rendered":"El Estado provincial recuper\u00f3 lo invertido en El Poncho 2025"},"content":{"rendered":"<p class=\"v1MsoNormal\"><i>El Gobierno present\u00f3 el balance de la Fiesta del Poncho y cierre de temporada invernal que dej\u00f3 un impacto econ\u00f3mico ampliado de m\u00e1s de $31.000 millones.<\/i><\/p>\n<p class=\"v1MsoNormal\">En Casa de Gobierno, la presentaci\u00f3n estuvo encabezada por la ministra de Cultura, Turismo y Deporte, Daiana Rold\u00e1n, junto a las secretarias de Gesti\u00f3n Tur\u00edstica, Evangelina Quar\u00edn, y de Gesti\u00f3n Cultural, Laura Maubec\u00edn, y el ministro de Gobierno, Seguridad y Justicia, Fernando Monguillot.<\/p>\n<p class=\"v1MsoNormal\">All\u00ed, las autoridades destacaron el balance positivo entre la inversi\u00f3n oficial realizada a trav\u00e9s del Ministerio de Cultura, Turismo y Deporte y el recupero de la inversi\u00f3n, de acuerdo al siguiente detalle:<\/p>\n<p class=\"v1MsoNormal\">-Venta de entradas Escenario Mayor $1.658 millones<\/p>\n<p class=\"v1MsoNormal\">-Canon por espacios comercializados $667 millones (stands, gastron\u00f3micos, playas)<\/p>\n<p class=\"v1MsoNormal\">-Publicidad y Auspicios $233 millones<\/p>\n<p class=\"v1MsoNormal\">-Total de recupero de inversi\u00f3n: $2.558 millones<\/p>\n<p class=\"v1MsoNormal\">Aqu\u00ed es importante mencionar que el ministerio contaba con una disponibilidad financiera para la fiesta de $2.600 millones de pesos, de los cuales se invirtieron $2.300 millones. Es decir, el balance es positivo en $258 millones.<\/p>\n<p class=\"v1MsoNormal\">Otro n\u00famero importante que se dio a conocer es el impacto econ\u00f3mico y tur\u00edstico ampliado de la fiesta -calculado sobre 1,4 millones de visitas de catamarque\u00f1os y turistas- que arroj\u00f3 un total de $31.886 millones de pesos, monto que contempla gastos directos (en la fiesta) e indirectos (nafta, estacionamiento, alojamientos, comidas, prestaciones tur\u00edsticas, entre otros).<\/p>\n<p class=\"v1MsoNormal\">&#8220;La Fiesta del Poncho -para el Estado Provincial- es pura inversi\u00f3n, trabajo y ganancia. Una inversi\u00f3n que el Estado provincial ha recuperado en su totalidad. Trabajo para miles y miles de catamarque\u00f1os.\u00a0 Y ganancia real y concreta que se traduce en un derrame econ\u00f3mico genuino, no solo para quienes vendieron o trabajaron directamente en la fiesta, sino para los distintos sectores de la econom\u00eda provincial&#8221;, destac\u00f3 la ministra de Cultura, Turismo y Deporte, Daiana Rold\u00e1n, en su balance a solo tres d\u00edas de finalizaci\u00f3n de la fiesta.<\/p>\n<p class=\"v1MsoNormal\">Por su parte, el ministro Fernando Monguillot, sostuvo que &#8220;con este balance rendimos cuenta a nuestra comunidad de c\u00f3mo se ha invertido, c\u00f3mo se ha recuperado y el impacto econ\u00f3mico, tur\u00edstico y social que ha generado en nuestra comunidad. Estamos felices por lo que ha sido esta Fiesta Nacional e Internacional del Poncho, que crece a\u00f1o tras a\u00f1o y que consolida a Catamarca como un destino firme para el invierno en la Argentina y para todas las estaciones del a\u00f1o&#8221;, se\u00f1al\u00f3 el ministro de Gobierno.<\/p>\n<p class=\"v1MsoNormal\"><b>Volumen de ventas en la fiesta <\/b><\/p>\n<p class=\"v1MsoNormal\">En el informe presentado, se especific\u00f3 el volumen de venta que tuvo cada uno de los sectores presentes en la edici\u00f3n 2025:<\/p>\n<p class=\"v1MsoNormal\">-Gastronom\u00eda $2.626,32 millones<\/p>\n<p class=\"v1MsoNormal\">-Artesan\u00edas $1.510,83 millones<\/p>\n<p class=\"v1MsoNormal\">-Productos regionales $570,04 millones<\/p>\n<p class=\"v1MsoNormal\">-Otros $376,18 millones<\/p>\n<p class=\"v1MsoNormal\">Volumen de ventas total: $5.083 millones (25% m\u00e1s que en 2024).<\/p>\n<p class=\"v1MsoNormal\">El BNA -auspiciante de la fiesta y con descuentos a trav\u00e9s del programa Marcat\u00f3n- registr\u00f3 53.795 transacciones en estos rubros, que representaron un monto global de $1.965 millones de pesos.<\/p>\n<p class=\"v1MsoNormal\"><b>Otros n\u00fameros <\/b><\/p>\n<p class=\"v1MsoNormal\">-Cantidad de expositores Poncho 2025: 1.606 (664 artesanos, 34 expositores Poncho Dise\u00f1o, 70 expositores Sector Manualidades, 68 expositores Productos regionales, 90 expositores Sector Comercial, 40 expositores Mercado Cultural, 100 food trucks, 28 cafeter\u00edas, kioscos y ranchos, 10 cervecer\u00edas y 502 expositores en Achalay, MECA, PCPC, Desarrollo Social, Desarrollo Productivo, Municipalidad de la Capital)<\/p>\n<p class=\"v1MsoNormal\">-Escenario Mayor: m\u00e1s de 40.000 entradas vendidas. 4 de noches de 7 agotadas. Un 15% m\u00e1s en venta de entradas con relaci\u00f3n a 2024.<\/p>\n<p class=\"v1MsoNormal\">-P\u00fablico de El Patio: 300.000 espectadores en las 9 tardes de programaci\u00f3n.<\/p>\n<p class=\"v1MsoNormal\">-Cantidad de visitas a la Fiesta: 1.400.000 visitas en los 10 d\u00edas de la fiesta, lo que marca un 16,5% m\u00e1s con relaci\u00f3n al 2024. De ese total, el 30% fueron visitas de turistas (incluye turistas del interior de Catamarca).<\/p>\n<p class=\"v1MsoNormal\">-Ocupaci\u00f3n Hotelera: Provincial 75% y en Capital del 80%. Promedio de estad\u00eda por turista 4,4 noches.<\/p>\n<p class=\"v1MsoNormal\">-Transporte a\u00e9reo: 1.992 turistas arribaron v\u00eda a\u00e9rea del 18 al 27 de julio.<\/p>\n","protected":false},"excerpt":{"rendered":"<p>El Gobierno present\u00f3 el balance de la Fiesta del Poncho y cierre de temporada invernal que dej\u00f3 un impacto econ\u00f3mico ampliado de m\u00e1s de $31.000 millones. En Casa de Gobierno, la presentaci\u00f3n estuvo encabezada por la ministra de Cultura, Turismo y Deporte, Daiana Rold\u00e1n, junto a las secretarias de Gesti\u00f3n Tur\u00edstica, Evangelina Quar\u00edn, y de [&hellip;]<\/p>\n","protected":false},"author":2,"featured_media":4254,"comment_status":"open","ping_status":"open","sticky":false,"template":"","format":"standard","meta":{"footnotes":""},"categories":[23,21],"tags":[],"class_list":{"0":"post-4253","1":"post","2":"type-post","3":"status-publish","4":"format-standard","5":"has-post-thumbnail","7":"category-destacados","8":"category-politica"},"aioseo_notices":[],"_links":{"self":[{"href":"https:\/\/elfaroonline.com.ar\/index.php\/wp-json\/wp\/v2\/posts\/4253","targetHints":{"allow":["GET"]}}],"collection":[{"href":"https:\/\/elfaroonline.com.ar\/index.php\/wp-json\/wp\/v2\/posts"}],"about":[{"href":"https:\/\/elfaroonline.com.ar\/index.php\/wp-json\/wp\/v2\/types\/post"}],"author":[{"embeddable":true,"href":"https:\/\/elfaroonline.com.ar\/index.php\/wp-json\/wp\/v2\/users\/2"}],"replies":[{"embeddable":true,"href":"https:\/\/elfaroonline.com.ar\/index.php\/wp-json\/wp\/v2\/comments?post=4253"}],"version-history":[{"count":1,"href":"https:\/\/elfaroonline.com.ar\/index.php\/wp-json\/wp\/v2\/posts\/4253\/revisions"}],"predecessor-version":[{"id":4255,"href":"https:\/\/elfaroonline.com.ar\/index.php\/wp-json\/wp\/v2\/posts\/4253\/revisions\/4255"}],"wp:featuredmedia":[{"embeddable":true,"href":"https:\/\/elfaroonline.com.ar\/index.php\/wp-json\/wp\/v2\/media\/4254"}],"wp:attachment":[{"href":"https:\/\/elfaroonline.com.ar\/index.php\/wp-json\/wp\/v2\/media?parent=4253"}],"wp:term":[{"taxonomy":"category","embeddable":true,"href":"https:\/\/elfaroonline.com.ar\/index.php\/wp-json\/wp\/v2\/categories?post=4253"},{"taxonomy":"post_tag","embeddable":true,"href":"https:\/\/elfaroonline.com.ar\/index.php\/wp-json\/wp\/v2\/tags?post=4253"}],"curies":[{"name":"wp","href":"https:\/\/api.w.org\/{rel}","templated":true}]}}