{"id":4256,"date":"2025-07-31T18:34:05","date_gmt":"2025-07-31T21:34:05","guid":{"rendered":"https:\/\/elfaroonline.com.ar\/?p=4256"},"modified":"2025-07-31T18:34:05","modified_gmt":"2025-07-31T21:34:05","slug":"fechas-de-acreditacion-de-haberes-de-la-administracion-publica-2","status":"publish","type":"post","link":"https:\/\/elfaroonline.com.ar\/index.php\/2025\/07\/31\/fechas-de-acreditacion-de-haberes-de-la-administracion-publica-2\/","title":{"rendered":"Fechas de acreditaci\u00f3n de haberes de la Administraci\u00f3n P\u00fablica"},"content":{"rendered":"<p class=\"v1MsoNormal\">El Ministerio de Hacienda y Obra P\u00fablica comunica que los haberes de empleados p\u00fablicos y docentes correspondientes al mes de julio de 2025 se acreditar\u00e1n seg\u00fan el siguiente cronograma:<\/p>\n<p class=\"v1MsoNormal\"><b>-Martes 5 de agosto:<\/b> Docentes, todas las terminaciones.<\/p>\n<p class=\"v1MsoNormal\"><b>-Mi\u00e9rcoles 6 de agosto<\/b>: Organismos de la Administraci\u00f3n P\u00fablica\u00a0Provincial.<\/p>\n","protected":false},"excerpt":{"rendered":"<p>El Ministerio de Hacienda y Obra P\u00fablica comunica que los haberes de empleados p\u00fablicos y docentes correspondientes al mes de julio de 2025 se acreditar\u00e1n seg\u00fan el siguiente cronograma: -Martes 5 de agosto: Docentes, todas las terminaciones. -Mi\u00e9rcoles 6 de agosto: Organismos de la Administraci\u00f3n P\u00fablica\u00a0Provincial.<\/p>\n","protected":false},"author":2,"featured_media":4257,"comment_status":"open","ping_status":"open","sticky":false,"template":"","format":"standard","meta":{"footnotes":""},"categories":[23,20],"tags":[],"class_list":{"0":"post-4256","1":"post","2":"type-post","3":"status-publish","4":"format-standard","5":"has-post-thumbnail","7":"category-destacados","8":"category-sociedad"},"aioseo_notices":[],"_links":{"self":[{"href":"https:\/\/elfaroonline.com.ar\/index.php\/wp-json\/wp\/v2\/posts\/4256","targetHints":{"allow":["GET"]}}],"collection":[{"href":"https:\/\/elfaroonline.com.ar\/index.php\/wp-json\/wp\/v2\/posts"}],"about":[{"href":"https:\/\/elfaroonline.com.ar\/index.php\/wp-json\/wp\/v2\/types\/post"}],"author":[{"embeddable":true,"href":"https:\/\/elfaroonline.com.ar\/index.php\/wp-json\/wp\/v2\/users\/2"}],"replies":[{"embeddable":true,"href":"https:\/\/elfaroonline.com.ar\/index.php\/wp-json\/wp\/v2\/comments?post=4256"}],"version-history":[{"count":2,"href":"https:\/\/elfaroonline.com.ar\/index.php\/wp-json\/wp\/v2\/posts\/4256\/revisions"}],"predecessor-version":[{"id":4259,"href":"https:\/\/elfaroonline.com.ar\/index.php\/wp-json\/wp\/v2\/posts\/4256\/revisions\/4259"}],"wp:featuredmedia":[{"embeddable":true,"href":"https:\/\/elfaroonline.com.ar\/index.php\/wp-json\/wp\/v2\/media\/4257"}],"wp:attachment":[{"href":"https:\/\/elfaroonline.com.ar\/index.php\/wp-json\/wp\/v2\/media?parent=4256"}],"wp:term":[{"taxonomy":"category","embeddable":true,"href":"https:\/\/elfaroonline.com.ar\/index.php\/wp-json\/wp\/v2\/categories?post=4256"},{"taxonomy":"post_tag","embeddable":true,"href":"https:\/\/elfaroonline.com.ar\/index.php\/wp-json\/wp\/v2\/tags?post=4256"}],"curies":[{"name":"wp","href":"https:\/\/api.w.org\/{rel}","templated":true}]}}