{"id":4260,"date":"2025-07-31T18:35:58","date_gmt":"2025-07-31T21:35:58","guid":{"rendered":"https:\/\/elfaroonline.com.ar\/?p=4260"},"modified":"2025-07-31T18:35:58","modified_gmt":"2025-07-31T21:35:58","slug":"visita-del-ministro-zeballos-a-los-altos-con-importante-agenda","status":"publish","type":"post","link":"https:\/\/elfaroonline.com.ar\/index.php\/2025\/07\/31\/visita-del-ministro-zeballos-a-los-altos-con-importante-agenda\/","title":{"rendered":"Visita del ministro Zeballos a Los Altos con importante agenda"},"content":{"rendered":"<p class=\"v1MsoNormal\"><i>Se entregaron certificados a egresadas de taller textil y hubo reuniones con productores.<\/i><\/p>\n<p class=\"v1MsoNormal\">\n<p class=\"v1MsoNormal\">El ministro de Desarrollo Productivo, Leonardo Zeballos, cumpli\u00f3 una importante agenda de trabajo en el distrito Los Altos, donde, junto al intendente Ra\u00fal Barot, particip\u00f3 de reuniones con sectores productivos de una entrega de certificados a egresadas de un taller de capacitaci\u00f3n textil.<\/p>\n<p class=\"v1MsoNormal\">\n<p class=\"v1MsoNormal\">En la ma\u00f1ana del martes, Zeballos y Barot encabezaron el acto en el que 56 egresadas recibieron los certificados que les acredita la capacidad para integrarse al Taller Productivo Textil. La capacitaci\u00f3n abarc\u00f3 los m\u00f3dulos I y II de manejo de m\u00e1quinas industriales y de ense\u00f1anza de Molder\u00eda Textil, es decir la creaci\u00f3n de patrones para la confecci\u00f3n de diversas prendas con distintos tipos de texturas.<\/p>\n<p class=\"v1MsoNormal\">\n<p class=\"v1MsoNormal\">Ambos funcionarios destacaron la importancia del espacio de capacitaci\u00f3n y el trabajo conjunto permanente que se realiza entre Provincia y el municipio de Los Altos, en busca de abrir lugares que permitan la capacitaci\u00f3n, en este caso de mujeres, para futuras experiencias laborales.<\/p>\n<p class=\"v1MsoNormal\">\n<p class=\"v1MsoNormal\">El compromiso de las autoridades se extiende a nuevas capacitaciones que abordar\u00e1n, pr\u00f3ximamente, tem\u00e1ticas estrat\u00e9gicas para el sector textil, como el mantenimiento y reparaci\u00f3n de m\u00e1quinas de coser industriales y familiares, as\u00ed como marketing y bordado industrial. Estas nuevas \u00e1reas de formaci\u00f3n buscan complementar las habilidades de los trabajadores textiles, ampliando sus capacidades y las oportunidades de negocio en la regi\u00f3n.<\/p>\n<p class=\"v1MsoNormal\">\n<p class=\"v1MsoNormal\"><b>Reuni\u00f3n por el Cl\u00faster Semillero<\/b><\/p>\n<p class=\"v1MsoNormal\">\n<p class=\"v1MsoNormal\">Tambi\u00e9n, el ministro Zeballos junto a parte de su gabinete; el intendente Barot y los diputados provinciales Mar\u00eda Argerich y Hern\u00e1n D\u00edaz, se reunieron con representantes del sector privado de la zona, con quienes conversaron sobre distintas tem\u00e1ticas de inter\u00e9s para la comunidad de Los Altos. Entre los temas tratados, se avanz\u00f3 sobre el ordenamiento y la formalizaci\u00f3n del Cl\u00faster Semillero de la zona, considerado clave para potenciar la calidad, trazabilidad y competitividad del sector semillero, uno de los m\u00e1s importantes del pa\u00eds.<\/p>\n<p class=\"v1MsoNormal\">\n<p class=\"v1MsoNormal\">En otro tramo de la visita a Los Altos, el ministro Zeballos y comitiva se reunieron con productores de tabaco con el objetivo de articular acciones entre productores, municipio, Provincia y la Naci\u00f3n, para dar respuesta a requerimientos del sector. En tal sentido, se generaron compromisos de futuras reuniones para delinear acciones.<\/p>\n","protected":false},"excerpt":{"rendered":"<p>Se entregaron certificados a egresadas de taller textil y hubo reuniones con productores. El ministro de Desarrollo Productivo, Leonardo Zeballos, cumpli\u00f3 una importante agenda de trabajo en el distrito Los Altos, donde, junto al intendente Ra\u00fal Barot, particip\u00f3 de reuniones con sectores productivos de una entrega de certificados a egresadas de un taller de capacitaci\u00f3n [&hellip;]<\/p>\n","protected":false},"author":2,"featured_media":4261,"comment_status":"open","ping_status":"open","sticky":false,"template":"","format":"standard","meta":{"footnotes":""},"categories":[21],"tags":[],"class_list":{"0":"post-4260","1":"post","2":"type-post","3":"status-publish","4":"format-standard","5":"has-post-thumbnail","7":"category-politica"},"aioseo_notices":[],"_links":{"self":[{"href":"https:\/\/elfaroonline.com.ar\/index.php\/wp-json\/wp\/v2\/posts\/4260","targetHints":{"allow":["GET"]}}],"collection":[{"href":"https:\/\/elfaroonline.com.ar\/index.php\/wp-json\/wp\/v2\/posts"}],"about":[{"href":"https:\/\/elfaroonline.com.ar\/index.php\/wp-json\/wp\/v2\/types\/post"}],"author":[{"embeddable":true,"href":"https:\/\/elfaroonline.com.ar\/index.php\/wp-json\/wp\/v2\/users\/2"}],"replies":[{"embeddable":true,"href":"https:\/\/elfaroonline.com.ar\/index.php\/wp-json\/wp\/v2\/comments?post=4260"}],"version-history":[{"count":1,"href":"https:\/\/elfaroonline.com.ar\/index.php\/wp-json\/wp\/v2\/posts\/4260\/revisions"}],"predecessor-version":[{"id":4262,"href":"https:\/\/elfaroonline.com.ar\/index.php\/wp-json\/wp\/v2\/posts\/4260\/revisions\/4262"}],"wp:featuredmedia":[{"embeddable":true,"href":"https:\/\/elfaroonline.com.ar\/index.php\/wp-json\/wp\/v2\/media\/4261"}],"wp:attachment":[{"href":"https:\/\/elfaroonline.com.ar\/index.php\/wp-json\/wp\/v2\/media?parent=4260"}],"wp:term":[{"taxonomy":"category","embeddable":true,"href":"https:\/\/elfaroonline.com.ar\/index.php\/wp-json\/wp\/v2\/categories?post=4260"},{"taxonomy":"post_tag","embeddable":true,"href":"https:\/\/elfaroonline.com.ar\/index.php\/wp-json\/wp\/v2\/tags?post=4260"}],"curies":[{"name":"wp","href":"https:\/\/api.w.org\/{rel}","templated":true}]}}