{"id":4267,"date":"2025-07-31T18:49:01","date_gmt":"2025-07-31T21:49:01","guid":{"rendered":"https:\/\/elfaroonline.com.ar\/?p=4267"},"modified":"2025-07-31T18:49:01","modified_gmt":"2025-07-31T21:49:01","slug":"la-justicia-autorizo-la-cremacion-del-cuerpo-de-locomotora-oliveras","status":"publish","type":"post","link":"https:\/\/elfaroonline.com.ar\/index.php\/2025\/07\/31\/la-justicia-autorizo-la-cremacion-del-cuerpo-de-locomotora-oliveras\/","title":{"rendered":"La Justicia autoriz\u00f3 la cremaci\u00f3n del cuerpo de Locomotora Oliveras"},"content":{"rendered":"<p>Lo dispuso el fiscal Ignacio Orio. El proceso hab\u00eda sido postergado por una denuncia que ped\u00eda investigar la posible incidencia de esteroides y anab\u00f3licos en la muerte de la ex boxeadora.<\/p>\n<p>La resoluci\u00f3n fue del fiscal<b> Ignacio Orio,<\/b> quien interviene en el legajo iniciado ante la Fiscal\u00eda Regional 1. Seg\u00fan se\u00f1alaron fuentes judiciales, lo decidi\u00f3 en raz\u00f3n de la \u201cvaloraci\u00f3n de las medidas adoptadas, las cuales<b> excluyen la necesidad de llevar a cabo diligencias periciales\u201d.<\/b><\/p>\n<p>Lo que hab\u00eda detenido la cremaci\u00f3n del cuerpo de Locomotora Oliveras fue una presentaci\u00f3n judicial realizada por <b>Aldo Parodi<\/b>, un ex campe\u00f3n de fisicoculturismo que solicit\u00f3 que <b>se eval\u00faen los restos de la deportista <\/b>ante la sospecha de que se trate de un \u201cdoping seguido de fallecimiento\u201d.<\/p>\n<p>En el escrito, Parodi sostuvo que Locomotora <b>presentaba signos evidentes de haber sido sometido a un r\u00e9gimen de sustancias <\/b>que, basado en su experiencia, podr\u00eda tener consecuencias fatales.<\/p>\n<p class=\"paragraph\" data-mrf-recirculation=\"Links inline\">Su presentaci\u00f3n se caratul\u00f3 como <b>\u201cincidencia de la actividad deportiva y del entrenamiento f\u00edsico en el estado de salud\u201d<\/b>. En este contexto, el denunciante solicit\u00f3 que el cuerpo sea preservado en condiciones adecuadas hasta que se determine si se le realizar\u00e1 o no una autopsia.<\/p>\n<p class=\"paragraph\" data-mrf-recirculation=\"Links inline\">La denuncia hizo eco ya que se interpuso al deseo de la familia de la deportista, quienes hab\u00edan pedido que su cuerpo sea cremado cu\u00e1nto antes.<\/p>\n<p class=\"paragraph\" data-mrf-recirculation=\"Links inline\">En las \u00faltimas horas, el abogado que representa a sus hijos, Luis Hilbert, <b>rechaz\u00f3 la presentaci\u00f3n de Parodi, <\/b>a quien calific\u00f3 como un \u201cdenunciador serial\u201d.<\/p>\n<p class=\"paragraph\" data-mrf-recirculation=\"Links inline\">En declaraciones p\u00fablicas, el letrado record\u00f3 que la denuncia fue realizada ante el Fiscal Federal, quien la deriv\u00f3 a la justicia provincial y se\u00f1al\u00f3: \u201cEst\u00e1 actuando el Fiscal Regional, con quien mantuvimos una reuni\u00f3n. Por nuestra parte, entendemos que la denuncia es de este se\u00f1or Aldo Parodi, al cual no conoc\u00eda a Alejandra, no lo conozco yo, no lo conocen los hijos, no lo conoce la familia\u201d.<\/p>\n<p class=\"paragraph\" data-mrf-recirculation=\"Links inline\">\u201cEntiendo que es una persona que yo denomino un <b>denunciante serial.<\/b> Busc\u00e1 los antecedentes, denunci\u00f3 a China, al presidente norteamericano, al Papa, a gente de Boca y de River y a jueces. Vive constantemente haciendo denuncias. Lo que present\u00f3 es una denuncia falsa, inconsistente, imaginaria e inveros\u00edmil que no tiene fundamento alguno\u201d, sostuvo el abogado.<\/p>\n<p class=\"paragraph\" data-mrf-recirculation=\"Links inline\">Pese a estas cr\u00edticas, el abogado reconoci\u00f3 que la Justicia <b>deb\u00eda dar curso a toda denuncia presentada<\/b> y explic\u00f3 que el fiscal est\u00e1 cumpliendo con las diligencias de rigor.<\/p>\n<p class=\"paragraph\" data-mrf-recirculation=\"Links inline\">En relaci\u00f3n a la realizaci\u00f3n de una posible autopsia, que era lo que el denunciante solicitaba, el abogado inform\u00f3 que <b>no se hab\u00eda autorizado a\u00fan ning\u00fan procedimiento de ese tipo.<\/b><\/p>\n<p class=\"paragraph\" data-mrf-recirculation=\"Links inline\">\u201cNo autoriz\u00f3 ninguna autopsia, el fiscal va a comenzar con las evidencias. Tiene todas las facultades para investigar. Si fuera fiscal, primero buscar\u00eda la historia cl\u00ednica donde estuvo internada por un ACV\u201d, dijo Hilbert en las \u00faltimas.<\/p>\n<p class=\"paragraph\" data-mrf-recirculation=\"Links inline\">Y agreg\u00f3: \u201cDebe ser bastante abundante, hubo cirug\u00edas quir\u00fargicas, protocolos quir\u00fargicos y an\u00e1lisis. Ah\u00ed debe saber si hubo alg\u00fan anab\u00f3lico o sustancia rara. Despu\u00e9s hablar\u00eda con los m\u00e9dicos para que me expliquen. Espero que esto se solucione a la brevedad\u201d.<\/p>\n<p class=\"paragraph\" data-mrf-recirculation=\"Links inline\">Finalmente, el fiscal Orio desestim\u00f3 el pedido y orden\u00f3 que se realice la cremaci\u00f3n de los restos de Locomotora Oliveras tal como quer\u00eda su familia.<\/p>\n","protected":false},"excerpt":{"rendered":"<p>Lo dispuso el fiscal Ignacio Orio. El proceso hab\u00eda sido postergado por una denuncia que ped\u00eda investigar la posible incidencia de esteroides y anab\u00f3licos en la muerte de la ex boxeadora. La resoluci\u00f3n fue del fiscal Ignacio Orio, quien interviene en el legajo iniciado ante la Fiscal\u00eda Regional 1. Seg\u00fan se\u00f1alaron fuentes judiciales, lo decidi\u00f3 [&hellip;]<\/p>\n","protected":false},"author":2,"featured_media":4268,"comment_status":"open","ping_status":"open","sticky":false,"template":"","format":"standard","meta":{"footnotes":""},"categories":[22,27],"tags":[],"class_list":{"0":"post-4267","1":"post","2":"type-post","3":"status-publish","4":"format-standard","5":"has-post-thumbnail","7":"category-nacionales","8":"category-policiales"},"aioseo_notices":[],"_links":{"self":[{"href":"https:\/\/elfaroonline.com.ar\/index.php\/wp-json\/wp\/v2\/posts\/4267","targetHints":{"allow":["GET"]}}],"collection":[{"href":"https:\/\/elfaroonline.com.ar\/index.php\/wp-json\/wp\/v2\/posts"}],"about":[{"href":"https:\/\/elfaroonline.com.ar\/index.php\/wp-json\/wp\/v2\/types\/post"}],"author":[{"embeddable":true,"href":"https:\/\/elfaroonline.com.ar\/index.php\/wp-json\/wp\/v2\/users\/2"}],"replies":[{"embeddable":true,"href":"https:\/\/elfaroonline.com.ar\/index.php\/wp-json\/wp\/v2\/comments?post=4267"}],"version-history":[{"count":1,"href":"https:\/\/elfaroonline.com.ar\/index.php\/wp-json\/wp\/v2\/posts\/4267\/revisions"}],"predecessor-version":[{"id":4269,"href":"https:\/\/elfaroonline.com.ar\/index.php\/wp-json\/wp\/v2\/posts\/4267\/revisions\/4269"}],"wp:featuredmedia":[{"embeddable":true,"href":"https:\/\/elfaroonline.com.ar\/index.php\/wp-json\/wp\/v2\/media\/4268"}],"wp:attachment":[{"href":"https:\/\/elfaroonline.com.ar\/index.php\/wp-json\/wp\/v2\/media?parent=4267"}],"wp:term":[{"taxonomy":"category","embeddable":true,"href":"https:\/\/elfaroonline.com.ar\/index.php\/wp-json\/wp\/v2\/categories?post=4267"},{"taxonomy":"post_tag","embeddable":true,"href":"https:\/\/elfaroonline.com.ar\/index.php\/wp-json\/wp\/v2\/tags?post=4267"}],"curies":[{"name":"wp","href":"https:\/\/api.w.org\/{rel}","templated":true}]}}