{"id":4272,"date":"2025-07-31T18:55:22","date_gmt":"2025-07-31T21:55:22","guid":{"rendered":"https:\/\/elfaroonline.com.ar\/?p=4272"},"modified":"2025-07-31T18:55:22","modified_gmt":"2025-07-31T21:55:22","slug":"independiente-vendio-a-una-de-sus-joyas-al-futbol-europeo-la-millonaria-suma-de-la-transferencia","status":"publish","type":"post","link":"https:\/\/elfaroonline.com.ar\/index.php\/2025\/07\/31\/independiente-vendio-a-una-de-sus-joyas-al-futbol-europeo-la-millonaria-suma-de-la-transferencia\/","title":{"rendered":"Independiente vendi\u00f3 a una de sus joyas al f\u00fatbol europeo: la millonaria suma de la transferencia"},"content":{"rendered":"<p>Luego de un arranque dubitativo en el <b>Torneo Clausura<\/b>, <b>Independiente<\/b> sufri\u00f3 la baja de un delantero, debido a que fue transferido al f\u00fatbol europeo. El conjunto de <b>Julio Vaccari<\/b> a\u00fan no pudo ganar en las tres fechas del certamen dom\u00e9stico y se desprendi\u00f3 de una variante en ataque que no estaba al tope de las prioridades.<\/p>\n<p>El<i> Rojo<\/i>, que viene de perder frente a <b>Gimnasia de La Plata<\/b> y con el <b>Talleres de Carlos Tevez<\/b> y de empatar en la primera fecha del torneo frente a <b>Sarmiento<\/b>, ya no podr\u00e1 contar con un juvenil que es habitual convocado a la <b>selecci\u00f3n argentina Sub 20<\/b>.<\/p>\n<p>Se trata de <b>Santiago Hidalgo<\/b>, cuya noticia del traspaso hacia el <b>Toulouse<\/b> fue confirmada por el propio elenco de <b>Avellaneda<\/b> en sus redes sociales. <b>\u201cLe deseamos lo mejor a un jugador que surgi\u00f3 de nuestras Juveniles, se form\u00f3 en el Club y lleg\u00f3 a ser parte del plantel profesional del Rey de Copas. \u00a1\u00c9xitos en lo que viene, Santi&#8221;<\/b>, escribi\u00f3 Independiente para despedir al delantero.<\/p>\n<p class=\"paragraph\" data-mrf-recirculation=\"Links inline\">El traspaso se concret\u00f3 por <b>tres millones de d\u00f3lares<\/b> a cambio del <b>70 % de los derechos federativos<\/b> del delantero, seg\u00fan inform\u00f3 <i>TyC Sports<\/i>. Esta cifra representa una de las operaciones m\u00e1s relevantes del actual mercado de pases invernal para el club argentino.<\/p>\n<p class=\"paragraph\" data-mrf-recirculation=\"Links inline\">La dirigencia de <b>Independiente<\/b> consider\u00f3 favorable la propuesta del club franc\u00e9s y, tras intensas negociaciones, alcanz\u00f3 un acuerdo que satisface las expectativas econ\u00f3micas de la instituci\u00f3n. El joven atacante, nacido en <b>Santiago del Estero<\/b>, no fue incluido en la convocatoria para el partido del domingo frente a <b>Gimnasia<\/b> en <b>La Plata<\/b>, lo que confirm\u00f3 la inminencia de su salida. El traspaso de <b>Hidalgo<\/b> se suma a una lista de bajas que ya alcanza a ocho futbolistas en este receso, lo que evidencia una etapa de renovaci\u00f3n profunda en el plantel.<\/p>\n","protected":false},"excerpt":{"rendered":"<p>Luego de un arranque dubitativo en el Torneo Clausura, Independiente sufri\u00f3 la baja de un delantero, debido a que fue transferido al f\u00fatbol europeo. El conjunto de Julio Vaccari a\u00fan no pudo ganar en las tres fechas del certamen dom\u00e9stico y se desprendi\u00f3 de una variante en ataque que no estaba al tope de las [&hellip;]<\/p>\n","protected":false},"author":2,"featured_media":4273,"comment_status":"open","ping_status":"open","sticky":false,"template":"","format":"standard","meta":{"footnotes":""},"categories":[25],"tags":[],"class_list":{"0":"post-4272","1":"post","2":"type-post","3":"status-publish","4":"format-standard","5":"has-post-thumbnail","7":"category-deportes"},"aioseo_notices":[],"_links":{"self":[{"href":"https:\/\/elfaroonline.com.ar\/index.php\/wp-json\/wp\/v2\/posts\/4272","targetHints":{"allow":["GET"]}}],"collection":[{"href":"https:\/\/elfaroonline.com.ar\/index.php\/wp-json\/wp\/v2\/posts"}],"about":[{"href":"https:\/\/elfaroonline.com.ar\/index.php\/wp-json\/wp\/v2\/types\/post"}],"author":[{"embeddable":true,"href":"https:\/\/elfaroonline.com.ar\/index.php\/wp-json\/wp\/v2\/users\/2"}],"replies":[{"embeddable":true,"href":"https:\/\/elfaroonline.com.ar\/index.php\/wp-json\/wp\/v2\/comments?post=4272"}],"version-history":[{"count":1,"href":"https:\/\/elfaroonline.com.ar\/index.php\/wp-json\/wp\/v2\/posts\/4272\/revisions"}],"predecessor-version":[{"id":4274,"href":"https:\/\/elfaroonline.com.ar\/index.php\/wp-json\/wp\/v2\/posts\/4272\/revisions\/4274"}],"wp:featuredmedia":[{"embeddable":true,"href":"https:\/\/elfaroonline.com.ar\/index.php\/wp-json\/wp\/v2\/media\/4273"}],"wp:attachment":[{"href":"https:\/\/elfaroonline.com.ar\/index.php\/wp-json\/wp\/v2\/media?parent=4272"}],"wp:term":[{"taxonomy":"category","embeddable":true,"href":"https:\/\/elfaroonline.com.ar\/index.php\/wp-json\/wp\/v2\/categories?post=4272"},{"taxonomy":"post_tag","embeddable":true,"href":"https:\/\/elfaroonline.com.ar\/index.php\/wp-json\/wp\/v2\/tags?post=4272"}],"curies":[{"name":"wp","href":"https:\/\/api.w.org\/{rel}","templated":true}]}}