{"id":4278,"date":"2025-07-31T19:06:19","date_gmt":"2025-07-31T22:06:19","guid":{"rendered":"https:\/\/elfaroonline.com.ar\/?p=4278"},"modified":"2025-07-31T19:06:19","modified_gmt":"2025-07-31T22:06:19","slug":"max-verstappen-termino-con-los-rumores-sobre-su-salida-a-mercedes-y-anuncio-que-seguira-en-red-bull-en-2026","status":"publish","type":"post","link":"https:\/\/elfaroonline.com.ar\/index.php\/2025\/07\/31\/max-verstappen-termino-con-los-rumores-sobre-su-salida-a-mercedes-y-anuncio-que-seguira-en-red-bull-en-2026\/","title":{"rendered":"Max Verstappen termin\u00f3 con los rumores sobre su salida a Mercedes y anunci\u00f3 que seguir\u00e1 en Red Bull en 2026"},"content":{"rendered":"<p>Tras varios meses con fuertes rumores circulando a lo largo del paddock de la <b>F\u00f3rmula 1<\/b>, <b>Max Verstappen<\/b><i><b> <\/b><\/i><b>confirm\u00f3 su continuidad en Red Bull de cara a la pr\u00f3xima temporada 2026<\/b>.<\/p>\n<p>La confirmaci\u00f3n de Verstappen en Red Bull supone una fuerte corriente de aire fresco para la escuder\u00eda, que viene de perder importantes nombres en cargos clave en todo su organigrama estructural. \u201cHa sido muy interesante seguir todas las historias interesantes que han surgido en los \u00faltimos meses (sobre los rumores con Mercedes). <b>Nunca dije nada al respecto porque estaba concentrado en hablar con el equipo sobre c\u00f3mo podemos mejorar nuestro rendimiento y tambi\u00e9n en ideas para el pr\u00f3ximo a\u00f1o<\/b>, y por eso no ten\u00eda nada que a\u00f1adir\u201d, coment\u00f3 el piloto de 27 a\u00f1os en el media day del <b>Gran Premio de Hungr\u00eda<\/b>.<\/p>\n<p>En esta misma l\u00ednea, agreg\u00f3: \u201c<b>Pero creo que es hora de acabar con todos los rumores, y yo siempre he tenido bastante claro que me quedar\u00eda de todas formas<\/b>. Creo que ese era el sentimiento general en el equipo, porque siempre est\u00e1bamos discutiendo qu\u00e9 pod\u00edamos hacer con el coche. Y cuando no te interesa quedarte, tambi\u00e9n dejas de hablar de estas cosas, y yo nunca lo hice\u201d.<\/p>\n<p>Cabe recordar que durante la semana, <b>Helmut Marko<\/b>, asesor de la estructura de la bebida energizante, afirm\u00f3 en di\u00e1logo con <i>Sport.de<\/i> que \u201c<b>Max Verstappen correr\u00e1 para Red Bull en 2026<\/b>\u201d.<\/p>\n<p class=\"paragraph\" data-mrf-recirculation=\"Links inline\">\u201c<b>No necesito entrar en detalles, pero me gusta la gente con la que trabajo. Ya hemos cosechado muchos \u00e9xitos juntos, aunque tambi\u00e9n s\u00e9 que el a\u00f1o que viene ser\u00e1 completamente diferente<\/b>. En cuanto al motor, esto tambi\u00e9n aplica a nuestro propio proyecto, y todo es muy interesante. Creo que lo dejar\u00e9 ah\u00ed, ya que no quiero entrar en demasiados detalles\u201d, respondi\u00f3 Verstappen cuando le preguntaron por qu\u00e9 opt\u00f3 por continuar en el equipo.<\/p>\n<div class=\"news-module\" data-mrf-recirculation=\"IL_wPVu_IE4S76a5Gsl0lX8mA\" data-testid=\"text-html\" data-mrf-experience=\"IL_wPVu_IE4S76a5Gsl0lX8mA\">\n<div class=\"recommended-card__info\">\n<p class=\"paragraph\" data-mrf-recirculation=\"Links inline\">No obstante, Verstappen dej\u00f3 en claro que los rumores sobre su futuro siempre estar\u00e1n presentes en el paddock. Seg\u00fan report\u00f3 el portal especializado <i>Motorsport<\/i>, <i>Super Max<\/i> fue contundente cuando le preguntaron si espera que las especulaciones en relaci\u00f3n con su continuidad en Red Bull vuelvan a surgir en el 2026. \u201c<b>Si me preguntas eso el a\u00f1o que viene, entonces s\u00ed, y tendremos esa especulaci\u00f3n<\/b>. Pero nunca hablo de ello, porque me interesa m\u00e1s trabajar en el rendimiento de las cosas, <b>as\u00ed que por eso tampoco hablo realmente de lo que dice mi contrato<\/b>\u201d.<\/p>\n<p class=\"paragraph\" data-mrf-recirculation=\"Links inline\">Esto tambi\u00e9n est\u00e1 relacionado con la supuesta cl\u00e1usula de rescisi\u00f3n que tendr\u00eda el neerland\u00e9s en su contrato con el team con sede en <i>Milton Keynes<\/i>. El v\u00ednculo entre el piloto y la escuder\u00eda se extiende hasta 2028, seg\u00fan inform\u00f3 el medio <i>The Race<\/i>.<\/p>\n<\/div>\n<\/div>\n","protected":false},"excerpt":{"rendered":"<p>Tras varios meses con fuertes rumores circulando a lo largo del paddock de la F\u00f3rmula 1, Max Verstappen confirm\u00f3 su continuidad en Red Bull de cara a la pr\u00f3xima temporada 2026. La confirmaci\u00f3n de Verstappen en Red Bull supone una fuerte corriente de aire fresco para la escuder\u00eda, que viene de perder importantes nombres en [&hellip;]<\/p>\n","protected":false},"author":2,"featured_media":4279,"comment_status":"open","ping_status":"open","sticky":false,"template":"","format":"standard","meta":{"footnotes":""},"categories":[25],"tags":[],"class_list":{"0":"post-4278","1":"post","2":"type-post","3":"status-publish","4":"format-standard","5":"has-post-thumbnail","7":"category-deportes"},"aioseo_notices":[],"_links":{"self":[{"href":"https:\/\/elfaroonline.com.ar\/index.php\/wp-json\/wp\/v2\/posts\/4278","targetHints":{"allow":["GET"]}}],"collection":[{"href":"https:\/\/elfaroonline.com.ar\/index.php\/wp-json\/wp\/v2\/posts"}],"about":[{"href":"https:\/\/elfaroonline.com.ar\/index.php\/wp-json\/wp\/v2\/types\/post"}],"author":[{"embeddable":true,"href":"https:\/\/elfaroonline.com.ar\/index.php\/wp-json\/wp\/v2\/users\/2"}],"replies":[{"embeddable":true,"href":"https:\/\/elfaroonline.com.ar\/index.php\/wp-json\/wp\/v2\/comments?post=4278"}],"version-history":[{"count":1,"href":"https:\/\/elfaroonline.com.ar\/index.php\/wp-json\/wp\/v2\/posts\/4278\/revisions"}],"predecessor-version":[{"id":4280,"href":"https:\/\/elfaroonline.com.ar\/index.php\/wp-json\/wp\/v2\/posts\/4278\/revisions\/4280"}],"wp:featuredmedia":[{"embeddable":true,"href":"https:\/\/elfaroonline.com.ar\/index.php\/wp-json\/wp\/v2\/media\/4279"}],"wp:attachment":[{"href":"https:\/\/elfaroonline.com.ar\/index.php\/wp-json\/wp\/v2\/media?parent=4278"}],"wp:term":[{"taxonomy":"category","embeddable":true,"href":"https:\/\/elfaroonline.com.ar\/index.php\/wp-json\/wp\/v2\/categories?post=4278"},{"taxonomy":"post_tag","embeddable":true,"href":"https:\/\/elfaroonline.com.ar\/index.php\/wp-json\/wp\/v2\/tags?post=4278"}],"curies":[{"name":"wp","href":"https:\/\/api.w.org\/{rel}","templated":true}]}}