{"id":4281,"date":"2025-07-31T19:09:26","date_gmt":"2025-07-31T22:09:26","guid":{"rendered":"https:\/\/elfaroonline.com.ar\/?p=4281"},"modified":"2025-07-31T19:09:26","modified_gmt":"2025-07-31T22:09:26","slug":"river-plate-confirmo-la-lesion-de-martinez-quarta-y-gallardo-sumo-un-dolor-de-cabeza-de-cara-al-cruce-de-copa-libertadores","status":"publish","type":"post","link":"https:\/\/elfaroonline.com.ar\/index.php\/2025\/07\/31\/river-plate-confirmo-la-lesion-de-martinez-quarta-y-gallardo-sumo-un-dolor-de-cabeza-de-cara-al-cruce-de-copa-libertadores\/","title":{"rendered":"River Plate confirm\u00f3 la lesi\u00f3n de Mart\u00ednez Quarta y Gallardo sum\u00f3 un dolor de cabeza de cara al cruce de Copa Libertadores"},"content":{"rendered":"<p><b>Lucas Mart\u00ednez Quarta, defensor de River Plate, ser\u00e1 baja durante dos o tres semanas tras confirmarse que padece un esguince del ligamento colateral medial derecho.<\/b> Si bien la recuperaci\u00f3n depender\u00e1 de la evoluci\u00f3n diaria y de c\u00f3mo responda el futbolista durante los pr\u00f3ximos d\u00edas, desde el cuerpo m\u00e9dico anticipan que resulta muy dif\u00edcil que el jugador pueda estar disponible en el partido de ida de los octavos de final de la Copa Libertadores. Adem\u00e1s, queda descartado para el encuentro del s\u00e1bado ante San Mart\u00edn de Tucum\u00e1n por la Copa Argentina.<\/p>\n<p>El diagn\u00f3stico lleg\u00f3 despu\u00e9s de una serie de estudios realizados en las \u00faltimas horas, tras la molestia que el futbolista sinti\u00f3 en su rodilla derecha durante un entrenamiento en el predio de Ezeiza. La noticia genera preocupaci\u00f3n en River, que en solo una semana perdi\u00f3 a dos jugadores clave por lesiones. Maxi Salas, delantero del equipo, tambi\u00e9n qued\u00f3 al margen tras sufrir un esguince distal del ligamento colateral medial en la rodilla izquierda durante el empate frente a San Lorenzo.<\/p>\n<p>El episodio con Mart\u00ednez Quarta encendi\u00f3 r\u00e1pidamente las alarmas en el cuerpo t\u00e9cnico que encabeza Marcelo Gallardo. El defensor no pudo completar la pr\u00e1ctica luego de sentir dolor y se retir\u00f3 acompa\u00f1ado por los m\u00e9dicos. A partir de ah\u00ed se especul\u00f3 con la posibilidad de que la lesi\u00f3n fuese similar a la que padeci\u00f3 Salas, y los resultados confirmaron la sospecha.<\/p>\n","protected":false},"excerpt":{"rendered":"<p>Lucas Mart\u00ednez Quarta, defensor de River Plate, ser\u00e1 baja durante dos o tres semanas tras confirmarse que padece un esguince del ligamento colateral medial derecho. Si bien la recuperaci\u00f3n depender\u00e1 de la evoluci\u00f3n diaria y de c\u00f3mo responda el futbolista durante los pr\u00f3ximos d\u00edas, desde el cuerpo m\u00e9dico anticipan que resulta muy dif\u00edcil que el [&hellip;]<\/p>\n","protected":false},"author":2,"featured_media":4282,"comment_status":"open","ping_status":"open","sticky":false,"template":"","format":"standard","meta":{"footnotes":""},"categories":[25],"tags":[],"class_list":{"0":"post-4281","1":"post","2":"type-post","3":"status-publish","4":"format-standard","5":"has-post-thumbnail","7":"category-deportes"},"aioseo_notices":[],"_links":{"self":[{"href":"https:\/\/elfaroonline.com.ar\/index.php\/wp-json\/wp\/v2\/posts\/4281","targetHints":{"allow":["GET"]}}],"collection":[{"href":"https:\/\/elfaroonline.com.ar\/index.php\/wp-json\/wp\/v2\/posts"}],"about":[{"href":"https:\/\/elfaroonline.com.ar\/index.php\/wp-json\/wp\/v2\/types\/post"}],"author":[{"embeddable":true,"href":"https:\/\/elfaroonline.com.ar\/index.php\/wp-json\/wp\/v2\/users\/2"}],"replies":[{"embeddable":true,"href":"https:\/\/elfaroonline.com.ar\/index.php\/wp-json\/wp\/v2\/comments?post=4281"}],"version-history":[{"count":1,"href":"https:\/\/elfaroonline.com.ar\/index.php\/wp-json\/wp\/v2\/posts\/4281\/revisions"}],"predecessor-version":[{"id":4283,"href":"https:\/\/elfaroonline.com.ar\/index.php\/wp-json\/wp\/v2\/posts\/4281\/revisions\/4283"}],"wp:featuredmedia":[{"embeddable":true,"href":"https:\/\/elfaroonline.com.ar\/index.php\/wp-json\/wp\/v2\/media\/4282"}],"wp:attachment":[{"href":"https:\/\/elfaroonline.com.ar\/index.php\/wp-json\/wp\/v2\/media?parent=4281"}],"wp:term":[{"taxonomy":"category","embeddable":true,"href":"https:\/\/elfaroonline.com.ar\/index.php\/wp-json\/wp\/v2\/categories?post=4281"},{"taxonomy":"post_tag","embeddable":true,"href":"https:\/\/elfaroonline.com.ar\/index.php\/wp-json\/wp\/v2\/tags?post=4281"}],"curies":[{"name":"wp","href":"https:\/\/api.w.org\/{rel}","templated":true}]}}