{"id":4288,"date":"2025-08-07T17:26:26","date_gmt":"2025-08-07T20:26:26","guid":{"rendered":"https:\/\/elfaroonline.com.ar\/?p=4288"},"modified":"2025-08-07T17:26:26","modified_gmt":"2025-08-07T20:26:26","slug":"heredia-y-huesen-una-misma-matriz-los-une-en-contra-de-la-idiosincrasia-de-un-buen-ser-tucumano","status":"publish","type":"post","link":"https:\/\/elfaroonline.com.ar\/index.php\/2025\/08\/07\/heredia-y-huesen-una-misma-matriz-los-une-en-contra-de-la-idiosincrasia-de-un-buen-ser-tucumano\/","title":{"rendered":"Heredia y Huesen: una misma matriz los une en contra de la idiosincrasia de un buen ser Tucumano"},"content":{"rendered":"<p class=\"p1\"><span class=\"s1\">En las \u00faltimas semanas tomaron relevancia p\u00fablicas hechos que dejan al descubierto la forma de pensar, de sentir y tambi\u00e9n de actuar por parte de \u201cpersonalidades\u201d ligadas a la pol\u00edtica Tucumana. Estamos hablando del ahora dirigente libertario Gonzalo Heredia quien tomar\u00e1 notoriedad publica por mostrar un arma de fuego de grueso calibre en redes sociales, lo que le vali\u00f3 una denuncia penal por parte del abogado Alfredo Aydar quien lucha fervientemente en contra de los pol\u00edticos que abusan de su poder.<\/span><\/p>\n<p class=\"p1\"><span class=\"s1\">Heredia tendr\u00eda la venia de Lisandro Catal\u00e1n para autoproclamarse como el armador libertario en Tucum\u00e1n y tuvo actitudes personales dignas de ser reprochadas.<\/span><\/p>\n<p class=\"p1\"><span class=\"s1\"><a href=\"https:\/\/elfaroonline.com.ar\/wp-content\/uploads\/2025\/08\/0099f1b1-3e71-4a15-b7ab-d665717e6298.mov\">0099f1b1-3e71-4a15-b7ab-d665717e6298<\/a><\/span><\/p>\n<p class=\"p1\"><span class=\"s1\">En la actualidad est\u00e1 circulando un video en redes sociales en donde dej\u00f3 su camioneta de alta gama estacionada en una zona prohibida y sin la chapa patente frontal, situaci\u00f3n que lo deja expuesto en clara infracci\u00f3n a la ley de tr\u00e1nsito.<\/span><\/p>\n<p class=\"p1\"><strong><span class=\"s1\">Gerardo Huesen y su pol\u00e9mico voto en contra de la emergencia por el Hospital Garrahan <\/span><\/strong><\/p>\n<p class=\"p1\"><span class=\"s1\"><img loading=\"lazy\" decoding=\"async\" class=\"alignnone size-full wp-image-4290\" src=\"https:\/\/elfaroonline.com.ar\/wp-content\/uploads\/2025\/08\/8b44199f-3800-45dc-b65f-d931579b0c2d.jpeg\" alt=\"\" width=\"1108\" height=\"1600\" srcset=\"https:\/\/elfaroonline.com.ar\/wp-content\/uploads\/2025\/08\/8b44199f-3800-45dc-b65f-d931579b0c2d.jpeg 1108w, https:\/\/elfaroonline.com.ar\/wp-content\/uploads\/2025\/08\/8b44199f-3800-45dc-b65f-d931579b0c2d-150x217.jpeg 150w, https:\/\/elfaroonline.com.ar\/wp-content\/uploads\/2025\/08\/8b44199f-3800-45dc-b65f-d931579b0c2d-300x433.jpeg 300w, https:\/\/elfaroonline.com.ar\/wp-content\/uploads\/2025\/08\/8b44199f-3800-45dc-b65f-d931579b0c2d-696x1005.jpeg 696w, https:\/\/elfaroonline.com.ar\/wp-content\/uploads\/2025\/08\/8b44199f-3800-45dc-b65f-d931579b0c2d-1068x1542.jpeg 1068w\" sizes=\"auto, (max-width: 1108px) 100vw, 1108px\" \/>El legislador nacional por Tucum\u00e1n Gerardo Huesen vot\u00f3 en contra de <\/span><span class=\"s2\"> la Emergencia Sanitaria<\/span><span class=\"s1\"> por dos a\u00f1os de la Salud Pedi\u00e1trica y de las Residencias Nacionales en Salud que, entre otras cuestiones, dispone la recomposici\u00f3n salarial del personal sanitario, reasignar fondos y partidas para la compra de insumos; en medio de la crisis que atraviesa el Hospital Garrahan.<\/span><\/p>\n<p class=\"p1\"><span class=\"s1\">Su voto en contra de tal importante proyecto lo deja expuesto a Huesen a cr\u00edticas por parte del pueblo Tucumano que ante cualquier problema de salud con sus ni\u00f1os en la mayor\u00eda de los casos piden la derivaci\u00f3n al Hospital Garrahan en Buenos Aires en busca de mejorar la salud de sus peque\u00f1os hijos.<\/span><\/p>\n<p class=\"p1\"><span class=\"s1\">Para hacer un poco de memoria hay que recordar que Huesen tom\u00f3 relevancia publica en la pol\u00edtica de Tucum\u00e1n por ser muy cercano a Ricardo Bussi, luego lo traicion\u00f3 y ahora se convirti\u00f3 en libertario, lo que le vali\u00f3 ahora su apodo de \u201cpanqueque\u201d Huesen.<\/span><\/p>\n","protected":false},"excerpt":{"rendered":"<p>En las \u00faltimas semanas tomaron relevancia p\u00fablicas hechos que dejan al descubierto la forma de pensar, de sentir y tambi\u00e9n de actuar por parte de \u201cpersonalidades\u201d ligadas a la pol\u00edtica Tucumana. Estamos hablando del ahora dirigente libertario Gonzalo Heredia quien tomar\u00e1 notoriedad publica por mostrar un arma de fuego de grueso calibre en redes sociales, [&hellip;]<\/p>\n","protected":false},"author":2,"featured_media":4289,"comment_status":"open","ping_status":"open","sticky":false,"template":"","format":"standard","meta":{"footnotes":""},"categories":[22,21],"tags":[],"class_list":{"0":"post-4288","1":"post","2":"type-post","3":"status-publish","4":"format-standard","5":"has-post-thumbnail","7":"category-nacionales","8":"category-politica"},"aioseo_notices":[],"_links":{"self":[{"href":"https:\/\/elfaroonline.com.ar\/index.php\/wp-json\/wp\/v2\/posts\/4288","targetHints":{"allow":["GET"]}}],"collection":[{"href":"https:\/\/elfaroonline.com.ar\/index.php\/wp-json\/wp\/v2\/posts"}],"about":[{"href":"https:\/\/elfaroonline.com.ar\/index.php\/wp-json\/wp\/v2\/types\/post"}],"author":[{"embeddable":true,"href":"https:\/\/elfaroonline.com.ar\/index.php\/wp-json\/wp\/v2\/users\/2"}],"replies":[{"embeddable":true,"href":"https:\/\/elfaroonline.com.ar\/index.php\/wp-json\/wp\/v2\/comments?post=4288"}],"version-history":[{"count":1,"href":"https:\/\/elfaroonline.com.ar\/index.php\/wp-json\/wp\/v2\/posts\/4288\/revisions"}],"predecessor-version":[{"id":4292,"href":"https:\/\/elfaroonline.com.ar\/index.php\/wp-json\/wp\/v2\/posts\/4288\/revisions\/4292"}],"wp:featuredmedia":[{"embeddable":true,"href":"https:\/\/elfaroonline.com.ar\/index.php\/wp-json\/wp\/v2\/media\/4289"}],"wp:attachment":[{"href":"https:\/\/elfaroonline.com.ar\/index.php\/wp-json\/wp\/v2\/media?parent=4288"}],"wp:term":[{"taxonomy":"category","embeddable":true,"href":"https:\/\/elfaroonline.com.ar\/index.php\/wp-json\/wp\/v2\/categories?post=4288"},{"taxonomy":"post_tag","embeddable":true,"href":"https:\/\/elfaroonline.com.ar\/index.php\/wp-json\/wp\/v2\/tags?post=4288"}],"curies":[{"name":"wp","href":"https:\/\/api.w.org\/{rel}","templated":true}]}}