{"id":4338,"date":"2025-08-15T09:16:14","date_gmt":"2025-08-15T12:16:14","guid":{"rendered":"https:\/\/elfaroonline.com.ar\/?p=4338"},"modified":"2025-08-15T09:16:14","modified_gmt":"2025-08-15T12:16:14","slug":"el-plan-provincial-de-asfaltado-ya-esta-en-marcha-en-tinogasta","status":"publish","type":"post","link":"https:\/\/elfaroonline.com.ar\/index.php\/2025\/08\/15\/el-plan-provincial-de-asfaltado-ya-esta-en-marcha-en-tinogasta\/","title":{"rendered":"El Plan Provincial de Asfaltado ya est\u00e1 en marcha en Tinogasta"},"content":{"rendered":"<p class=\"v1MsoNormal\"><span lang=\"ES\">El plan de urbanizaci\u00f3n que lleva adelante el Gobierno de la provincia sigue a paso firme y ya tiene obras en simult\u00e1neo en m\u00e1s de 10 jurisdicciones del territorio. <\/span><\/p>\n<p class=\"v1MsoNormal\"><span lang=\"ES\">Este jueves, en el marco de la visita del gobernador Ra\u00fal Jalil a Tinogasta por el aniversario N\u00b0312 de la ciudad, junto al intendente Ernesto Andrada, recorrieron las primeras cuadras asfaltadas dentro del plan provincial. <\/span><\/p>\n<p class=\"v1MsoNormal\"><span lang=\"ES\">Andrada remarc\u00f3 que &#8220;estas son obras mejoran la calidad de nuestros vecinos y eran una necesidad despu\u00e9s de realizar una de las etapas de la obra de cloacas&#8221;. <\/span><\/p>\n<p class=\"v1MsoNormal\"><span lang=\"ES\">A trav\u00e9s de este plan, se prev\u00e9 la pavimentaci\u00f3n de 80 cuadras en la ciudad cabecera del departamento del Oeste catamarque\u00f1o. <\/span><\/p>\n<p class=\"v1MsoNormal\"><span lang=\"ES\">En el territorio provincial ya son m\u00e1s de 10 jurisdicciones en las que se ejecuta el plan, entre ellas Pom\u00e1n, Santa Mar\u00eda, Los Altos, Tapso, Andalgal\u00e1, Valle Viejo, Capital, Fiambal\u00e1, San Jos\u00e9, Huillapima, Bel\u00e9n, entre otras.\u00a0<\/span><\/p>\n","protected":false},"excerpt":{"rendered":"<p>El plan de urbanizaci\u00f3n que lleva adelante el Gobierno de la provincia sigue a paso firme y ya tiene obras en simult\u00e1neo en m\u00e1s de 10 jurisdicciones del territorio. Este jueves, en el marco de la visita del gobernador Ra\u00fal Jalil a Tinogasta por el aniversario N\u00b0312 de la ciudad, junto al intendente Ernesto Andrada, [&hellip;]<\/p>\n","protected":false},"author":2,"featured_media":4339,"comment_status":"open","ping_status":"open","sticky":false,"template":"","format":"standard","meta":{"footnotes":""},"categories":[23,21],"tags":[],"class_list":{"0":"post-4338","1":"post","2":"type-post","3":"status-publish","4":"format-standard","5":"has-post-thumbnail","7":"category-destacados","8":"category-politica"},"aioseo_notices":[],"_links":{"self":[{"href":"https:\/\/elfaroonline.com.ar\/index.php\/wp-json\/wp\/v2\/posts\/4338","targetHints":{"allow":["GET"]}}],"collection":[{"href":"https:\/\/elfaroonline.com.ar\/index.php\/wp-json\/wp\/v2\/posts"}],"about":[{"href":"https:\/\/elfaroonline.com.ar\/index.php\/wp-json\/wp\/v2\/types\/post"}],"author":[{"embeddable":true,"href":"https:\/\/elfaroonline.com.ar\/index.php\/wp-json\/wp\/v2\/users\/2"}],"replies":[{"embeddable":true,"href":"https:\/\/elfaroonline.com.ar\/index.php\/wp-json\/wp\/v2\/comments?post=4338"}],"version-history":[{"count":1,"href":"https:\/\/elfaroonline.com.ar\/index.php\/wp-json\/wp\/v2\/posts\/4338\/revisions"}],"predecessor-version":[{"id":4340,"href":"https:\/\/elfaroonline.com.ar\/index.php\/wp-json\/wp\/v2\/posts\/4338\/revisions\/4340"}],"wp:featuredmedia":[{"embeddable":true,"href":"https:\/\/elfaroonline.com.ar\/index.php\/wp-json\/wp\/v2\/media\/4339"}],"wp:attachment":[{"href":"https:\/\/elfaroonline.com.ar\/index.php\/wp-json\/wp\/v2\/media?parent=4338"}],"wp:term":[{"taxonomy":"category","embeddable":true,"href":"https:\/\/elfaroonline.com.ar\/index.php\/wp-json\/wp\/v2\/categories?post=4338"},{"taxonomy":"post_tag","embeddable":true,"href":"https:\/\/elfaroonline.com.ar\/index.php\/wp-json\/wp\/v2\/tags?post=4338"}],"curies":[{"name":"wp","href":"https:\/\/api.w.org\/{rel}","templated":true}]}}