{"id":4341,"date":"2025-08-15T09:18:39","date_gmt":"2025-08-15T12:18:39","guid":{"rendered":"https:\/\/elfaroonline.com.ar\/?p=4341"},"modified":"2025-08-15T09:18:39","modified_gmt":"2025-08-15T12:18:39","slug":"educacion-firmo-convenios-para-practicas-profesionalizantes-con-empresas-agroindustriales-de-capayan","status":"publish","type":"post","link":"https:\/\/elfaroonline.com.ar\/index.php\/2025\/08\/15\/educacion-firmo-convenios-para-practicas-profesionalizantes-con-empresas-agroindustriales-de-capayan\/","title":{"rendered":"Educaci\u00f3n firm\u00f3 convenios para pr\u00e1cticas profesionalizantes con empresas agroindustriales de Capay\u00e1n"},"content":{"rendered":"<p class=\"v1MsoNormal\">El Ministerio de Educaci\u00f3n, Ciencia y Tecnolog\u00eda firm\u00f3 convenios con empresas agroindustriales del departamento Capay\u00e1n para que estudiantes de la Escuela Agrot\u00e9cnica de Nueva Coneta realicen sus pr\u00e1cticas profesionalizantes, aplicando en entornos reales de trabajo los conocimientos adquiridos durante sus siete a\u00f1os de formaci\u00f3n t\u00e9cnica. Las empresas que recibir\u00e1n a los j\u00f3venes son: Campo Integral SA, L\u00e1cteos Micky, Vivero Do\u00f1a Icha, Centro de Educaci\u00f3n Agricola y Cooperativa Huillapima limitada.<\/p>\n<p class=\"v1MsoNormal\">Esta iniciativa, impulsada por la Direcci\u00f3n de Educaci\u00f3n T\u00e9cnica, Agrot\u00e9cnica y Formaci\u00f3n Profesional, forma parte de la pol\u00edtica de formaci\u00f3n situada, que se desarrolla tanto en escuelas agrot\u00e9cnicas como en las distintas modalidades de las escuelas t\u00e9cnicas, con el prop\u00f3sito de vincular la educaci\u00f3n con el sector productivo de la provincia.<\/p>\n<p class=\"v1MsoNormal\">Las pr\u00e1cticas permitir\u00e1n a las y los estudiantes desarrollar habilidades y capacidades para su futura profesionalizaci\u00f3n, fortaleciendo el v\u00ednculo entre el sector educativo y el sector privado, y formando recursos humanos acordes a las demandas de la matriz productiva provincial.<\/p>\n<p class=\"v1MsoNormal\">Entre los objetivos formativos del convenio, se destacan el aplicar los conocimientos te\u00f3ricos adquiridos en la Tecnicatura en Producci\u00f3n Agropecuaria en situaciones reales de trabajo, desarrollar destrezas pr\u00e1cticas en producci\u00f3n agr\u00edcola, ganadera, agroindustrial o de servicios, seg\u00fan la empresa asignada, adquirir experiencia en la din\u00e1mica organizacional y en las relaciones laborales del sector, brindar orientaci\u00f3n vocacional a trav\u00e9s del contacto directo con el mundo del trabajo, entre otros.<\/p>\n<p class=\"v1MsoNormal\">Al hacer uso de la palabra, el ministro de Educaci\u00f3n, Nicol\u00e1s Rosales Matienzo, agradeci\u00f3 la articulaci\u00f3n con el sector privado: &#8220;Sin esta colaboraci\u00f3n no podr\u00edamos avanzar. Es fundamental que los estudiantes practiquen en empresas consolidadas, para que egresen con experiencia y conociendo sus fortalezas. Vamos a dar seguimiento al impacto que estas experiencias generen en su formaci\u00f3n y en el sector productivo&#8221;, finaliz\u00f3.<\/p>\n","protected":false},"excerpt":{"rendered":"<p>El Ministerio de Educaci\u00f3n, Ciencia y Tecnolog\u00eda firm\u00f3 convenios con empresas agroindustriales del departamento Capay\u00e1n para que estudiantes de la Escuela Agrot\u00e9cnica de Nueva Coneta realicen sus pr\u00e1cticas profesionalizantes, aplicando en entornos reales de trabajo los conocimientos adquiridos durante sus siete a\u00f1os de formaci\u00f3n t\u00e9cnica. Las empresas que recibir\u00e1n a los j\u00f3venes son: Campo Integral [&hellip;]<\/p>\n","protected":false},"author":2,"featured_media":4342,"comment_status":"open","ping_status":"open","sticky":false,"template":"","format":"standard","meta":{"footnotes":""},"categories":[20],"tags":[],"class_list":{"0":"post-4341","1":"post","2":"type-post","3":"status-publish","4":"format-standard","5":"has-post-thumbnail","7":"category-sociedad"},"aioseo_notices":[],"_links":{"self":[{"href":"https:\/\/elfaroonline.com.ar\/index.php\/wp-json\/wp\/v2\/posts\/4341","targetHints":{"allow":["GET"]}}],"collection":[{"href":"https:\/\/elfaroonline.com.ar\/index.php\/wp-json\/wp\/v2\/posts"}],"about":[{"href":"https:\/\/elfaroonline.com.ar\/index.php\/wp-json\/wp\/v2\/types\/post"}],"author":[{"embeddable":true,"href":"https:\/\/elfaroonline.com.ar\/index.php\/wp-json\/wp\/v2\/users\/2"}],"replies":[{"embeddable":true,"href":"https:\/\/elfaroonline.com.ar\/index.php\/wp-json\/wp\/v2\/comments?post=4341"}],"version-history":[{"count":1,"href":"https:\/\/elfaroonline.com.ar\/index.php\/wp-json\/wp\/v2\/posts\/4341\/revisions"}],"predecessor-version":[{"id":4343,"href":"https:\/\/elfaroonline.com.ar\/index.php\/wp-json\/wp\/v2\/posts\/4341\/revisions\/4343"}],"wp:featuredmedia":[{"embeddable":true,"href":"https:\/\/elfaroonline.com.ar\/index.php\/wp-json\/wp\/v2\/media\/4342"}],"wp:attachment":[{"href":"https:\/\/elfaroonline.com.ar\/index.php\/wp-json\/wp\/v2\/media?parent=4341"}],"wp:term":[{"taxonomy":"category","embeddable":true,"href":"https:\/\/elfaroonline.com.ar\/index.php\/wp-json\/wp\/v2\/categories?post=4341"},{"taxonomy":"post_tag","embeddable":true,"href":"https:\/\/elfaroonline.com.ar\/index.php\/wp-json\/wp\/v2\/tags?post=4341"}],"curies":[{"name":"wp","href":"https:\/\/api.w.org\/{rel}","templated":true}]}}