{"id":4347,"date":"2025-08-15T09:23:14","date_gmt":"2025-08-15T12:23:14","guid":{"rendered":"https:\/\/elfaroonline.com.ar\/?p=4347"},"modified":"2025-08-15T09:23:14","modified_gmt":"2025-08-15T12:23:14","slug":"tinogasta-celebro-su-aniversario-312-con-anuncios-de-obras-de-viviendas-urbanizacion-servicios-y-la-cuesta-de-zapata","status":"publish","type":"post","link":"https:\/\/elfaroonline.com.ar\/index.php\/2025\/08\/15\/tinogasta-celebro-su-aniversario-312-con-anuncios-de-obras-de-viviendas-urbanizacion-servicios-y-la-cuesta-de-zapata\/","title":{"rendered":"Tinogasta celebr\u00f3 su aniversario 312\u00b0 con anuncios de obras de viviendas, urbanizaci\u00f3n, servicios y la Cuesta de Zapata"},"content":{"rendered":"<p class=\"v1MsoNormal\"><i>Se espera que el nuevo camino para conectar Tinogasta-Bel\u00e9n est\u00e9 concluido el pr\u00f3ximo a\u00f1o. <\/i><\/p>\n<p class=\"v1MsoNormal\">\n<p class=\"v1MsoNormal\">El gobernador Ra\u00fal Jalil y el intendente Ernesto Andrada encabezaron los actos centrales de celebraci\u00f3n del 312\u00b0 Aniversario de la fundaci\u00f3n de Tinogasta, que se desarroll\u00f3 en la Plaza Principal 25 de Mayo y cont\u00f3 con una gran participaci\u00f3n de vecinas y vecinos.<\/p>\n<p class=\"v1MsoNormal\">\n<p class=\"v1MsoNormal\">En la oportunidad, las autoridades y la comunidad departamental pudieron disfrutar del desfile c\u00edvico que se desarroll\u00f3 con la participaci\u00f3n de las instituciones educativas, sociales, deportivas, fuerzas de seguridad, entre otras. Adem\u00e1s, los artesanos y gastron\u00f3micos de la zona participaron con sus productos en los alrededores de la plaza.<\/p>\n<p class=\"v1MsoNormal\">\n<p class=\"v1MsoNormal\">En su discurso, el mandatario provincial valor\u00f3 la cantidad de obra p\u00fablica que se realiza en Tinogasta, c\u00f3mo esta beneficia a los vecinos y al desarrollo de la ciudad. &#8220;Estamos trabajando a la par con el intendente. Tenemos un plan de obras que llevamos adelante con recursos de la miner\u00eda, provinciales y municipales&#8221;.<\/p>\n<p class=\"v1MsoNormal\">\n<p class=\"v1MsoNormal\">Ra\u00fal destac\u00f3 que &#8220;esperamos venir en agosto de 2026 a celebrar otro aniversario con la inauguraci\u00f3n de la Cuesta de Zapata&#8221;, y enumer\u00f3 las obras de viviendas, cloacas, asfaltado, Planta de tratamiento cloacales, entre otras que se ejecutan en la jurisdicci\u00f3n.<\/p>\n<p class=\"v1MsoNormal\">\n<p class=\"v1MsoNormal\">Por su parte, el intendente Andrada agradeci\u00f3 el apoyo permanente del Gobernador y manifest\u00f3 que &#8220;nuestra amada Tinogasta ha pasado por diferentes \u00e9pocas y siempre hay que destacar esa esencia del hombre y la mujer tinogaste\u00f1a. Gente de trabajo, solidaria y que ha hecho grande a Tinogasta en distintos \u00e1mbitos. No vamos a dejar de trabajar para que Tinogasta siga creciendo a pesar de todas las dificultades, pero con el acompa\u00f1amiento del Gobernador y de todas las instituciones podremos avanzar y ver c\u00f3mo este departamento crece&#8221;, concluy\u00f3.<\/p>\n","protected":false},"excerpt":{"rendered":"<p>Se espera que el nuevo camino para conectar Tinogasta-Bel\u00e9n est\u00e9 concluido el pr\u00f3ximo a\u00f1o. El gobernador Ra\u00fal Jalil y el intendente Ernesto Andrada encabezaron los actos centrales de celebraci\u00f3n del 312\u00b0 Aniversario de la fundaci\u00f3n de Tinogasta, que se desarroll\u00f3 en la Plaza Principal 25 de Mayo y cont\u00f3 con una gran participaci\u00f3n de vecinas [&hellip;]<\/p>\n","protected":false},"author":2,"featured_media":4348,"comment_status":"open","ping_status":"open","sticky":false,"template":"","format":"standard","meta":{"footnotes":""},"categories":[21],"tags":[],"class_list":{"0":"post-4347","1":"post","2":"type-post","3":"status-publish","4":"format-standard","5":"has-post-thumbnail","7":"category-politica"},"aioseo_notices":[],"_links":{"self":[{"href":"https:\/\/elfaroonline.com.ar\/index.php\/wp-json\/wp\/v2\/posts\/4347","targetHints":{"allow":["GET"]}}],"collection":[{"href":"https:\/\/elfaroonline.com.ar\/index.php\/wp-json\/wp\/v2\/posts"}],"about":[{"href":"https:\/\/elfaroonline.com.ar\/index.php\/wp-json\/wp\/v2\/types\/post"}],"author":[{"embeddable":true,"href":"https:\/\/elfaroonline.com.ar\/index.php\/wp-json\/wp\/v2\/users\/2"}],"replies":[{"embeddable":true,"href":"https:\/\/elfaroonline.com.ar\/index.php\/wp-json\/wp\/v2\/comments?post=4347"}],"version-history":[{"count":1,"href":"https:\/\/elfaroonline.com.ar\/index.php\/wp-json\/wp\/v2\/posts\/4347\/revisions"}],"predecessor-version":[{"id":4349,"href":"https:\/\/elfaroonline.com.ar\/index.php\/wp-json\/wp\/v2\/posts\/4347\/revisions\/4349"}],"wp:featuredmedia":[{"embeddable":true,"href":"https:\/\/elfaroonline.com.ar\/index.php\/wp-json\/wp\/v2\/media\/4348"}],"wp:attachment":[{"href":"https:\/\/elfaroonline.com.ar\/index.php\/wp-json\/wp\/v2\/media?parent=4347"}],"wp:term":[{"taxonomy":"category","embeddable":true,"href":"https:\/\/elfaroonline.com.ar\/index.php\/wp-json\/wp\/v2\/categories?post=4347"},{"taxonomy":"post_tag","embeddable":true,"href":"https:\/\/elfaroonline.com.ar\/index.php\/wp-json\/wp\/v2\/tags?post=4347"}],"curies":[{"name":"wp","href":"https:\/\/api.w.org\/{rel}","templated":true}]}}