{"id":4350,"date":"2025-08-15T09:27:55","date_gmt":"2025-08-15T12:27:55","guid":{"rendered":"https:\/\/elfaroonline.com.ar\/?p=4350"},"modified":"2025-08-15T09:27:55","modified_gmt":"2025-08-15T12:27:55","slug":"los-altos-entro-en-su-etapa-final-la-obra-del-nuevo-centro-de-desarrollo-infantil","status":"publish","type":"post","link":"https:\/\/elfaroonline.com.ar\/index.php\/2025\/08\/15\/los-altos-entro-en-su-etapa-final-la-obra-del-nuevo-centro-de-desarrollo-infantil\/","title":{"rendered":"Los Altos: entr\u00f3 en su etapa final la obra del nuevo Centro de Desarrollo Infantil"},"content":{"rendered":"<p class=\"v1MsoNormal\"><span lang=\"ES\">La obra del nuevo Centro de Desarrollo Infantil (CDI) de la localidad de Los Altos (Departamento Santa Rosa) se encuentra con un importante avance de obra, seg\u00fan informan t\u00e9cnicos del Ministerio de Hacienda y Obra P\u00fablica que realizaron una visita de inspecci\u00f3n.<\/span><\/p>\n<p class=\"v1MsoNormal\"><span lang=\"ES\">Esta novedad abre las expectativas para que, en el corto plazo, esta importante localidad del Este provincial cuente con un espacio moderno y equipado para brindar cuidado, contenci\u00f3n y estimulaci\u00f3n a los ni\u00f1os y ni\u00f1as. <\/span><\/p>\n<p class=\"v1MsoNormal\"><span lang=\"ES\">La obra, que ya est\u00e1 en su etapa final, es posible gracias al trabajo conjunto entre el municipio de Los Altos y el Gobierno de la Provincia de Catamarca, a trav\u00e9s del Ministerio de Hacienda y Obra P\u00fablica, que de esta manera reafirman su compromiso con el bienestar y el futuro de la comunidad de Los Altos.<\/span><\/p>\n","protected":false},"excerpt":{"rendered":"<p>La obra del nuevo Centro de Desarrollo Infantil (CDI) de la localidad de Los Altos (Departamento Santa Rosa) se encuentra con un importante avance de obra, seg\u00fan informan t\u00e9cnicos del Ministerio de Hacienda y Obra P\u00fablica que realizaron una visita de inspecci\u00f3n. Esta novedad abre las expectativas para que, en el corto plazo, esta importante [&hellip;]<\/p>\n","protected":false},"author":2,"featured_media":4351,"comment_status":"open","ping_status":"open","sticky":false,"template":"","format":"standard","meta":{"footnotes":""},"categories":[21],"tags":[],"class_list":{"0":"post-4350","1":"post","2":"type-post","3":"status-publish","4":"format-standard","5":"has-post-thumbnail","7":"category-politica"},"aioseo_notices":[],"_links":{"self":[{"href":"https:\/\/elfaroonline.com.ar\/index.php\/wp-json\/wp\/v2\/posts\/4350","targetHints":{"allow":["GET"]}}],"collection":[{"href":"https:\/\/elfaroonline.com.ar\/index.php\/wp-json\/wp\/v2\/posts"}],"about":[{"href":"https:\/\/elfaroonline.com.ar\/index.php\/wp-json\/wp\/v2\/types\/post"}],"author":[{"embeddable":true,"href":"https:\/\/elfaroonline.com.ar\/index.php\/wp-json\/wp\/v2\/users\/2"}],"replies":[{"embeddable":true,"href":"https:\/\/elfaroonline.com.ar\/index.php\/wp-json\/wp\/v2\/comments?post=4350"}],"version-history":[{"count":1,"href":"https:\/\/elfaroonline.com.ar\/index.php\/wp-json\/wp\/v2\/posts\/4350\/revisions"}],"predecessor-version":[{"id":4353,"href":"https:\/\/elfaroonline.com.ar\/index.php\/wp-json\/wp\/v2\/posts\/4350\/revisions\/4353"}],"wp:featuredmedia":[{"embeddable":true,"href":"https:\/\/elfaroonline.com.ar\/index.php\/wp-json\/wp\/v2\/media\/4351"}],"wp:attachment":[{"href":"https:\/\/elfaroonline.com.ar\/index.php\/wp-json\/wp\/v2\/media?parent=4350"}],"wp:term":[{"taxonomy":"category","embeddable":true,"href":"https:\/\/elfaroonline.com.ar\/index.php\/wp-json\/wp\/v2\/categories?post=4350"},{"taxonomy":"post_tag","embeddable":true,"href":"https:\/\/elfaroonline.com.ar\/index.php\/wp-json\/wp\/v2\/tags?post=4350"}],"curies":[{"name":"wp","href":"https:\/\/api.w.org\/{rel}","templated":true}]}}