{"id":4354,"date":"2025-08-15T09:31:45","date_gmt":"2025-08-15T12:31:45","guid":{"rendered":"https:\/\/elfaroonline.com.ar\/?p=4354"},"modified":"2025-08-15T09:31:45","modified_gmt":"2025-08-15T12:31:45","slug":"rechazaron-el-recurso-presentado-por-el-ex-marido-de-julieta-prandi-para-acceder-a-la-detencion-domiciliaria","status":"publish","type":"post","link":"https:\/\/elfaroonline.com.ar\/index.php\/2025\/08\/15\/rechazaron-el-recurso-presentado-por-el-ex-marido-de-julieta-prandi-para-acceder-a-la-detencion-domiciliaria\/","title":{"rendered":"Rechazaron el recurso presentado por el ex marido de Julieta Prandi para acceder a la detenci\u00f3n domiciliaria"},"content":{"rendered":"<p>Su nuevo abogado, Fernando Sicilia, hab\u00eda solicitado un h\u00e1beas corpus tras considerar que la detenci\u00f3n es \u201carbitraria e ilegal\u201d, pero el tribunal consider\u00f3 que esa no es la v\u00eda id\u00f3nea.<\/p>\n<p>La resoluci\u00f3n se dio a conocer el jueves pasado el mediod\u00eda, tan solo un d\u00eda despu\u00e9s de que el Tribunal Oral en lo Criminal N\u00b0 2 de Z\u00e1rate-Campana lo encontrara culpable del delito de \u201c<b>abuso sexual con acceso carnal agravado por causar un grave da\u00f1o en la salud mental de la v\u00edctima<\/b>\u201d.<\/p>\n<p>De acuerdo con la resoluci\u00f3n a la que accedi\u00f3 este medio, la defensa de Contardi aleg\u00f3 que la detenci\u00f3n se ejecut\u00f3 pese a <b>no existir riesgo procesal<\/b> y que la sentencia a\u00fan <b>no est\u00e1 firme<\/b>, por lo que la calific\u00f3 de \u201carbitraria e ilegal\u201d, adem\u00e1s de se\u00f1alar que se hab\u00eda <b>violentado su derecho a transitar el proceso en libertad<\/b>.<\/p>\n<p class=\"paragraph\" data-mrf-recirculation=\"Links inline\">Asimismo, el nuevo defensor asegur\u00f3 que el condenado <b>cumpli\u00f3 con todas las reglas del proceso<\/b>, se someti\u00f3 a la investigaci\u00f3n y <b>no representa ninguna amenaza<\/b> para Prandi ni sus familiares.<\/p>\n<p class=\"paragraph\" data-mrf-recirculation=\"Links inline\">Seg\u00fan confirmaron fuentes oficiales a <b>Infobae<\/b>, este jueves a la ma\u00f1ana se hab\u00eda ordenado el traslado hacia la<b> Alcaid\u00eda La Plata 3<\/b>, de <b>Melchor Romero<\/b>, mientras que la defensa, representada por su nuevo abogado <b>Fernando Sicilia<\/b>, hab\u00eda presentado una acci\u00f3n de h\u00e1beas corpus.<\/p>\n<p class=\"paragraph\" data-mrf-recirculation=\"Links inline\">\u201cA \u00e9l no lo tuvieron que ir a buscar a la casa, a \u00e9l lo llevaron esposado del tribunal. Fue, se present\u00f3, nunca se quiso fugar\u201d, declar\u00f3 Sicilia durante una entrevista para <i>TN<\/i>, y se\u00f1al\u00f3 que el pedido se relacionaba con el cuidado de su hija nacida el 19 de julio de 2025 y el cuadro de depresi\u00f3n que atraviesa su actual esposa.<\/p>\n<p class=\"paragraph\" data-mrf-recirculation=\"Links inline\"><b>\u201cTiene circunstancias personales como la hija y la salud de la mujer que atender\u201d<\/b>, explic\u00f3 el defensor, tras asegurar que Prandi y su entorno no correr\u00edan peligro si estuviera sujeto a un r\u00e9gimen domiciliario. Adem\u00e1s, solicit\u00f3 a la Justicia que se consideraran la perspectiva de g\u00e9nero y los derechos de ni\u00f1os, ni\u00f1as y adolescentes al revisar la situaci\u00f3n.<\/p>\n<p class=\"paragraph\" data-mrf-recirculation=\"Links inline\">En la petici\u00f3n, Sicilia hab\u00eda aconsejado el uso de una tobillera electr\u00f3nica, para que el recluso pudiera ser rastreado a todas horas. \u201cEste dispositivo tiene un sistema por el cual el Servicio Penitenciario le da aviso a la comisaria; en segundo lugar,<b> <\/b>estar\u00eda en un barrio cerrado y; en tercer lugar, en el \u00faltimo tiempo no tuvo ning\u00fan tipo de contacto con la denunciante\u201d, resalt\u00f3.<\/p>\n<p class=\"paragraph\" data-mrf-recirculation=\"Links inline\">No obstante, la C\u00e1mara de Apelaci\u00f3n y Garant\u00edas en lo Penal Departamental consider\u00f3 <b>inapropiado el uso del h\u00e1beas corpus<\/b> en esta etapa del proceso, al indicar que dicho recurso solo resulta procedente cuando la privaci\u00f3n de libertad es manifiestamente ilegal o arbitraria.<\/p>\n<p class=\"paragraph\" data-mrf-recirculation=\"Links inline\">De esta manera, las autoridades argumentaron que esta ser\u00eda una condici\u00f3n que no se cumplir\u00eda, debido a que el pedido de detenci\u00f3n hab\u00eda sido dictado por el Tribunal Oral en lo Criminal N\u00b0 2 de Z\u00e1rate-Campana al momento de realizarse la lectura del veredicto.<\/p>\n<p class=\"paragraph\" data-mrf-recirculation=\"Links inline\">Por esto, el empresario deber\u00e1 seguir detenido en la Alcaid\u00eda N\u00b0 3 de La Plata. La misma c\u00e1rcel en la que se encuentran alojados los rugbiers condenados por haber asesinado a golpes a Fernando B\u00e1ez Sosa a la salida de un boliche de Villa Gesell en enero de 2020.<\/p>\n","protected":false},"excerpt":{"rendered":"<p>Su nuevo abogado, Fernando Sicilia, hab\u00eda solicitado un h\u00e1beas corpus tras considerar que la detenci\u00f3n es \u201carbitraria e ilegal\u201d, pero el tribunal consider\u00f3 que esa no es la v\u00eda id\u00f3nea. La resoluci\u00f3n se dio a conocer el jueves pasado el mediod\u00eda, tan solo un d\u00eda despu\u00e9s de que el Tribunal Oral en lo Criminal N\u00b0 [&hellip;]<\/p>\n","protected":false},"author":2,"featured_media":4355,"comment_status":"open","ping_status":"open","sticky":false,"template":"","format":"standard","meta":{"footnotes":""},"categories":[22,27],"tags":[],"class_list":{"0":"post-4354","1":"post","2":"type-post","3":"status-publish","4":"format-standard","5":"has-post-thumbnail","7":"category-nacionales","8":"category-policiales"},"aioseo_notices":[],"_links":{"self":[{"href":"https:\/\/elfaroonline.com.ar\/index.php\/wp-json\/wp\/v2\/posts\/4354","targetHints":{"allow":["GET"]}}],"collection":[{"href":"https:\/\/elfaroonline.com.ar\/index.php\/wp-json\/wp\/v2\/posts"}],"about":[{"href":"https:\/\/elfaroonline.com.ar\/index.php\/wp-json\/wp\/v2\/types\/post"}],"author":[{"embeddable":true,"href":"https:\/\/elfaroonline.com.ar\/index.php\/wp-json\/wp\/v2\/users\/2"}],"replies":[{"embeddable":true,"href":"https:\/\/elfaroonline.com.ar\/index.php\/wp-json\/wp\/v2\/comments?post=4354"}],"version-history":[{"count":1,"href":"https:\/\/elfaroonline.com.ar\/index.php\/wp-json\/wp\/v2\/posts\/4354\/revisions"}],"predecessor-version":[{"id":4356,"href":"https:\/\/elfaroonline.com.ar\/index.php\/wp-json\/wp\/v2\/posts\/4354\/revisions\/4356"}],"wp:featuredmedia":[{"embeddable":true,"href":"https:\/\/elfaroonline.com.ar\/index.php\/wp-json\/wp\/v2\/media\/4355"}],"wp:attachment":[{"href":"https:\/\/elfaroonline.com.ar\/index.php\/wp-json\/wp\/v2\/media?parent=4354"}],"wp:term":[{"taxonomy":"category","embeddable":true,"href":"https:\/\/elfaroonline.com.ar\/index.php\/wp-json\/wp\/v2\/categories?post=4354"},{"taxonomy":"post_tag","embeddable":true,"href":"https:\/\/elfaroonline.com.ar\/index.php\/wp-json\/wp\/v2\/tags?post=4354"}],"curies":[{"name":"wp","href":"https:\/\/api.w.org\/{rel}","templated":true}]}}