{"id":4363,"date":"2025-08-15T09:44:14","date_gmt":"2025-08-15T12:44:14","guid":{"rendered":"https:\/\/elfaroonline.com.ar\/?p=4363"},"modified":"2025-08-15T09:44:14","modified_gmt":"2025-08-15T12:44:14","slug":"hace-5-anos-que-tomo-pastillas-cada-partido-para-poder-competir-el-crudo-relato-de-erik-lamela-para-explicar-su-retiro-del-futbol","status":"publish","type":"post","link":"https:\/\/elfaroonline.com.ar\/index.php\/2025\/08\/15\/hace-5-anos-que-tomo-pastillas-cada-partido-para-poder-competir-el-crudo-relato-de-erik-lamela-para-explicar-su-retiro-del-futbol\/","title":{"rendered":"\u201cHace 5 a\u00f1os que tomo pastillas cada partido para poder competir\u201d: el crudo relato de Erik Lamela para explicar su retiro del f\u00fatbol"},"content":{"rendered":"<p>El mediocampista revel\u00f3 los problemas f\u00edsicos que lo acompa\u00f1aron durante m\u00e1s de una d\u00e9cada y detall\u00f3 el sacrificio realizado.<\/p>\n<p>\u201cHola a todos, les quiero contar que tom\u00e9 la decisi\u00f3n de terminar con mi carrera profesional, es una decisi\u00f3n que la pens\u00e9 mucho tiempo y bueno, finalmente lleg\u00f3 la hora\u201d, comenz\u00f3 Coco en su comunicado. El jugador detall\u00f3 que el principal motivo detr\u00e1s del adi\u00f3s fue el padecimiento f\u00edsico: \u201cPara los que no saben,<b> tengo problemas en las caderas, hace 11 a\u00f1os que comenzaron y en 2017 fui operado de ambas, siendo la izquierda la m\u00e1s afectada.<\/b> Fue un a\u00f1o dif\u00edcil, ten\u00eda mucho miedo, pens\u00e9 que pod\u00eda ser el final de mi carrera y ten\u00eda 25 a\u00f1os.\u201d<\/p>\n<p>El atacante revel\u00f3 que luego de someterse a dos operaciones en sus caderas, los especialistas le advirtieron que, aunque podr\u00eda extender su carrera cuatro a\u00f1os m\u00e1s, los problemas regresar\u00edan. \u201c<b>Me dijeron que con el tiempo iba a volver a empeorar y eso es lo que estoy viviendo ahora.<\/b> Con mucho sacrificio, pasando horas con fisios, fortaleciendo en el gimnasio, infinitas inyecciones y tratamientos, logr\u00e9 jugar m\u00e1s de el doble. Eso s\u00ed, fue un esfuerzo que solo los que estuvieron cerca lo saben realmente. Nada fue f\u00e1cil. <b>Tener dolor, jugar y entrenar con molestias pas\u00f3 a ser algo normal en mi d\u00eda a d\u00eda<\/b>\u201d.<\/p>\n<p class=\"paragraph\" data-mrf-recirculation=\"Links inline\">\u201c<b>Hace 5 a\u00f1os que tomo pastillas cada partido para poder competir<\/b> en mejores condiciones, empezando con la menor dosis y este \u00faltimo tiempo tomando el m\u00e1ximo ya dos d\u00edas antes del partido para poder estar. <b>Hoy decido ponerle fin a todo esto, hoy se termina todo este esfuerzo<\/b>\u201d, expuso el futbolista, en una de las frases que, por su franqueza, remarca la dimensi\u00f3n de lo transitado.<\/p>\n<p class=\"paragraph\" data-mrf-recirculation=\"Links inline\">Este a\u00f1o result\u00f3 particularmente dif\u00edcil para Lamela en lo f\u00edsico y en lo emocional. Reconoci\u00f3 que su modo de preparaci\u00f3n ya no pod\u00eda adaptarse a las exigencias profesionales: \u201c<b>Este a\u00f1o fue muy dif\u00edcil para m\u00ed ir a cada partido entren\u00e1ndome en la bicicleta y en el gimnasio<\/b>. Aprovecho para agradecer en p\u00fablico a Mat\u00edas Almeyda por permit\u00edrmelo y a mis compa\u00f1eros por aceptarlo\u201d. El futbolista explic\u00f3 que, ante la imposibilidad de mantener su modalidad de entrenamiento, decidi\u00f3 un acuerdo mutuo para rescindir su contrato.<\/p>\n<p class=\"paragraph\" data-mrf-recirculation=\"Links inline\"><b>\u201cDe esta manera esto se termina, tengo la tranquilidad de haber ido hasta el final y de no haberme guardado nada\u201d<\/b>, sostuvo, resumido en una frase que enmarca varios de los valores que mencion\u00f3 a lo largo de toda la carta. \u201cGracias al f\u00fatbol conoc\u00ed lo que es subirse a un avi\u00f3n. Conoc\u00ed distintos pa\u00edses, culturas, religiones, conoc\u00ed lugares y viv\u00ed momentos que jam\u00e1s hubiese imaginado\u201d.<\/p>\n<p class=\"paragraph\" data-mrf-recirculation=\"Links inline\">En la carta, Lamela plasmo su reconocimiento a todos los clubes en los que jug\u00f3. Entre ellos figura el agradecimiento expreso a River Plate, el club que lo form\u00f3 y catapult\u00f3 al profesionalismo. \u201cA River que fue el que me form\u00f3 d\u00e1ndome desde la comida hasta una escuela, no me olvido de nada, tengo memoria de quienes me ayudaron\u201d. Tambi\u00e9n se refiri\u00f3 al paso por las otras instituciones europeas que lo acogieron a lo largo de los a\u00f1os, sin dejar de lado a entrenadores, compa\u00f1eros y trabajadores cotidianos del f\u00fatbol.<\/p>\n<p class=\"paragraph\" data-mrf-recirculation=\"Links inline\">El ex futbolista narr\u00f3 el impacto que tuvo sobre su vida el apoyo de su entorno y utiliz\u00f3 palabras dedicadas especialmente a su familia. \u201cNada de todo lo que logr\u00e9 hubiese sido posible sin ustedes. Agradezco a todos los trabajadores que se cruzaron por mi camino, a mis ex compa\u00f1eros y entrenadores, fisios, a toda mi familia, a mi agente Pablo Sabbag por haberme acompa\u00f1ado toda mi carrera, a mis padres por estar siempre y por haberme llevado a cada partido y entrenamiento cada vez que pod\u00edan para que pudiera llegar a primera\u201d.<\/p>\n<p class=\"paragraph\" data-mrf-recirculation=\"Links inline\">El cap\u00edtulo m\u00e1s \u00edntimo lleg\u00f3 con la dedicatoria a su esposa e hijos: \u201c<b>A mi mujer incondicional por haber estado durmiendo a mi lado en la cama del hospital incluso en mis peores momentos\u2026 <\/b>por haberme ayudado el d\u00eda a d\u00eda este \u00faltimo tiempo. A mis hijos que son mis fans n\u00famero 1, que fueron mis fuerzas y energ\u00eda para seguir adelante. \u00a1Los amo!\u201d.<\/p>\n<p class=\"paragraph\" data-mrf-recirculation=\"Links inline\">\u201cSe termina este viaje que lo disfrut\u00e9 muchas veces y otras no tanto pero sin duda que el f\u00fatbol me ense\u00f1\u00f3 a ser una persona m\u00e1s fuerte y a no bajar los brazos nunca. Una parte de m\u00ed est\u00e1 triste porque ya no voy a jugar m\u00e1s profesionalmente. Salir a la cancha, levantar la cabeza y ver a la gente, festejar un gol, disputar una pelota\u2026 es una adrenalina que dif\u00edcilmente la vuelva a encontrar en mi cuerpo. Dejar lo que me apasiona y lo que hice durante casi toda mi vida.<b> Otra parte de m\u00ed siente alivio, hoy me quito esa mochila tan pesada que significa tener que estar cada partido sin importar en las condiciones que est\u00e9. <\/b>De tener que estar concentrado con dolor y saber que un estadio lleno me espera para exigirme en cada pelota.<b> Me acostumbr\u00e9 a eso, pero a partir de hoy cuidar\u00e9 de mi salud\u201d<\/b>, a\u00f1adi\u00f3 el volante.<\/p>\n<p class=\"paragraph\" data-mrf-recirculation=\"Links inline\">Para concluir, escribi\u00f3: \u201cEstoy orgulloso de c\u00f3mo termin\u00e9 esta temporada, compitiendo y marcando goles en partidos importantes a pesar de todo. Son recuerdos que estar\u00e1n por siempre en mi coraz\u00f3n y en mi cabeza. Gracias f\u00fatbol por todo lo que me regalaste y por supuesto gracias a toda la gente que me apoy\u00f3 todo este tiempo y sobre todo a los que disfrutaron vi\u00e9ndome jugar! Gracias River Plate, A.S. Roma, Tottenham Hotspur F.C., Sevilla F.C. y A.E.K. F.C., tendr\u00e1n por siempre un lugar en mi coraz\u00f3n\u201d.<\/p>\n","protected":false},"excerpt":{"rendered":"<p>El mediocampista revel\u00f3 los problemas f\u00edsicos que lo acompa\u00f1aron durante m\u00e1s de una d\u00e9cada y detall\u00f3 el sacrificio realizado. \u201cHola a todos, les quiero contar que tom\u00e9 la decisi\u00f3n de terminar con mi carrera profesional, es una decisi\u00f3n que la pens\u00e9 mucho tiempo y bueno, finalmente lleg\u00f3 la hora\u201d, comenz\u00f3 Coco en su comunicado. El [&hellip;]<\/p>\n","protected":false},"author":2,"featured_media":4364,"comment_status":"open","ping_status":"open","sticky":false,"template":"","format":"standard","meta":{"footnotes":""},"categories":[25],"tags":[],"class_list":{"0":"post-4363","1":"post","2":"type-post","3":"status-publish","4":"format-standard","5":"has-post-thumbnail","7":"category-deportes"},"aioseo_notices":[],"_links":{"self":[{"href":"https:\/\/elfaroonline.com.ar\/index.php\/wp-json\/wp\/v2\/posts\/4363","targetHints":{"allow":["GET"]}}],"collection":[{"href":"https:\/\/elfaroonline.com.ar\/index.php\/wp-json\/wp\/v2\/posts"}],"about":[{"href":"https:\/\/elfaroonline.com.ar\/index.php\/wp-json\/wp\/v2\/types\/post"}],"author":[{"embeddable":true,"href":"https:\/\/elfaroonline.com.ar\/index.php\/wp-json\/wp\/v2\/users\/2"}],"replies":[{"embeddable":true,"href":"https:\/\/elfaroonline.com.ar\/index.php\/wp-json\/wp\/v2\/comments?post=4363"}],"version-history":[{"count":1,"href":"https:\/\/elfaroonline.com.ar\/index.php\/wp-json\/wp\/v2\/posts\/4363\/revisions"}],"predecessor-version":[{"id":4365,"href":"https:\/\/elfaroonline.com.ar\/index.php\/wp-json\/wp\/v2\/posts\/4363\/revisions\/4365"}],"wp:featuredmedia":[{"embeddable":true,"href":"https:\/\/elfaroonline.com.ar\/index.php\/wp-json\/wp\/v2\/media\/4364"}],"wp:attachment":[{"href":"https:\/\/elfaroonline.com.ar\/index.php\/wp-json\/wp\/v2\/media?parent=4363"}],"wp:term":[{"taxonomy":"category","embeddable":true,"href":"https:\/\/elfaroonline.com.ar\/index.php\/wp-json\/wp\/v2\/categories?post=4363"},{"taxonomy":"post_tag","embeddable":true,"href":"https:\/\/elfaroonline.com.ar\/index.php\/wp-json\/wp\/v2\/tags?post=4363"}],"curies":[{"name":"wp","href":"https:\/\/api.w.org\/{rel}","templated":true}]}}