{"id":440,"date":"2024-05-03T20:06:15","date_gmt":"2024-05-03T23:06:15","guid":{"rendered":"https:\/\/elfaroonline.com.ar\/?p=440"},"modified":"2024-05-03T20:06:15","modified_gmt":"2024-05-03T23:06:15","slug":"el-gobierno-anuncio-que-reducira-el-40-de-los-registros-del-automotor","status":"publish","type":"post","link":"https:\/\/elfaroonline.com.ar\/index.php\/2024\/05\/03\/el-gobierno-anuncio-que-reducira-el-40-de-los-registros-del-automotor\/","title":{"rendered":"El Gobierno anunci\u00f3 que reducir\u00e1 el 40% de los Registros del Automotor"},"content":{"rendered":"<p>El gobierno de <b>Javier Milei <\/b>hab\u00eda prometido la eliminaci\u00f3n de los <b>registros automotores<\/b> y, cuando ya se hab\u00eda cumplido el plazo prometido para avanzar con la medida, sac\u00f3 un comunicado para anunciar que cumplir\u00e1 esa promesa.<\/p>\n<p class=\"paragraph\" data-mrf-recirculation=\"Links inline\">\u201cDe acuerdo al resultado de la primera etapa de la auditor\u00eda llevada a cabo en la DIRECCI\u00d3N NACIONAL DE LOS REGISTROS NACIONALES DE PROPIEDAD DEL AUTOMOTOR Y CR\u00c9DITOS PRENDARIOS (DNRPA), y con el objetivo de reducir costos y eliminar tr\u00e1mites burocr\u00e1ticos, se ejecutar\u00e1n las siguientes medidas\u201d, comienza el comunicado que se detalla a continuaci\u00f3n:<\/p>\n<div class=\"inline ad-wrapper\">\n<div class=\"dfpAd ad-inline\"><\/div>\n<\/div>\n<p class=\"paragraph\" data-mrf-recirculation=\"Links inline\">\u2022 <b>Se cerrar\u00e1 el 40% de los Registros Automotores<\/b>, comenzando por aquellos que llevan intervenidos m\u00e1s de 2 a\u00f1os, y luego se proceder\u00e1 con el cierre de los restantes intervenidos.<\/p>\n<p class=\"paragraph\" data-mrf-recirculation=\"Links inline\">\u2022 <b>Se reducir\u00e1 el 30% del personal de la Direcci\u00f3n de Registros Automotor<\/b>, en el marco de un plan de retiros voluntarios y jubilaciones anticipadas.<\/p>\n<p class=\"paragraph\" data-mrf-recirculation=\"Links inline\">\u2022 Se<b> elimin\u00f3 el Certificado de Transferencia Automotor (CETA)<\/b> que obligaba al ciudadano a reportar la venta de su veh\u00edculo a la AFIP.<\/p>\n<p class=\"paragraph\" data-mrf-recirculation=\"Links inline\">\u2022 Se<b> eliminar\u00e1 la \u201cc\u00e9dula azul\u201d<\/b>: a partir de mayo, cualquier persona podr\u00e1 circular dentro del territorio de la Rep\u00fablica Argentina con la sola exhibici\u00f3n -f\u00edsica o digital- de la c\u00e9dula verde del titular del autom\u00f3vil.<\/p>\n<p class=\"paragraph\" data-mrf-recirculation=\"Links inline\">\u2022 Se <b>eliminar\u00e1 <\/b>el <b>vencimiento <\/b>de todas las \u201c<b>c\u00e9dulas verdes<\/b>\u201d.<\/p>\n<p class=\"paragraph\" data-mrf-recirculation=\"Links inline\">\u2022 Los titulares de los registros seccionales se har\u00e1n cargo del 100% de sus costos operativos, adecuando su ingreso a la tarea efectivamente desempe\u00f1ada y su productividad. El Ministerio de Justicia podr\u00e1 controlar, en todo momento, la estructura de costos de los Encargados de Registros.<\/p>\n<p class=\"paragraph\" data-mrf-recirculation=\"Links inline\">\u2022 Se digitalizar\u00e1n la totalidad de los legajos de los veh\u00edculos, en todos sus tipos, para constituir un registro digital \u00fanico y completo, permitiendo la eliminaci\u00f3n de los legajos f\u00edsicos.<\/p>\n<p class=\"paragraph\" data-mrf-recirculation=\"Links inline\">\u2022 Se propondr\u00e1 a las Provincias la adhesi\u00f3n al convenio de baja de impuestos de sellos y patentes provinciales, <b>para reducir el costo de las operaciones registrales<\/b>, que asciende hasta el 70% del costo total de una transferencia.<\/p>\n<p class=\"paragraph\" data-mrf-recirculation=\"Links inline\">\u2022 Se implementar\u00e1 <b>un R\u00e9gimen de Concursos transparentes<\/b> para impedir la contrataci\u00f3n de personas que hayan tenido cargos pol\u00edticos durante los \u00faltimos 10 a\u00f1os, sus familiares y aquellas personas que no acrediten los requisitos de idoneidad y experiencia en la actividad privada para cumplir tal funci\u00f3n.<\/p>\n<p class=\"paragraph\" data-mrf-recirculation=\"Links inline\">\u2022 Se auditar\u00e1 el sistema de fiscalizaci\u00f3n de los registros seccionales por la Subsecretar\u00eda de Asuntos Registrales.<\/p>\n<p class=\"paragraph\" data-mrf-recirculation=\"Links inline\">\u2022 Se deroga el r\u00e9gimen que <b>impone el monopolio de la Casa de la Moneda en la compra de insumos.<\/b> Ello permitir\u00e1 la libre competencia de oferentes, lo que se traducir\u00e1 en una mejora de precios.<\/p>\n<p class=\"paragraph\" data-mrf-recirculation=\"Links inline\">\u2022 Se digitalizar\u00e1 la verificaci\u00f3n policial de veh\u00edculos, en una agenda conjunta con las autoridades provinciales y las fuerzas federales.<\/p>\n<p class=\"paragraph\" data-mrf-recirculation=\"Links inline\">\u2022 Se aumentar\u00e1 significativamente el importe que obliga al ciudadano a informar al Estado el origen de los fondos para adquirir un veh\u00edculo.<\/p>\n","protected":false},"excerpt":{"rendered":"<p>El gobierno de Javier Milei hab\u00eda prometido la eliminaci\u00f3n de los registros automotores y, cuando ya se hab\u00eda cumplido el plazo prometido para avanzar con la medida, sac\u00f3 un comunicado para anunciar que cumplir\u00e1 esa promesa. \u201cDe acuerdo al resultado de la primera etapa de la auditor\u00eda llevada a cabo en la DIRECCI\u00d3N NACIONAL DE [&hellip;]<\/p>\n","protected":false},"author":2,"featured_media":441,"comment_status":"open","ping_status":"open","sticky":false,"template":"","format":"standard","meta":{"footnotes":""},"categories":[23,22],"tags":[],"class_list":{"0":"post-440","1":"post","2":"type-post","3":"status-publish","4":"format-standard","5":"has-post-thumbnail","7":"category-destacados","8":"category-nacionales"},"aioseo_notices":[],"_links":{"self":[{"href":"https:\/\/elfaroonline.com.ar\/index.php\/wp-json\/wp\/v2\/posts\/440","targetHints":{"allow":["GET"]}}],"collection":[{"href":"https:\/\/elfaroonline.com.ar\/index.php\/wp-json\/wp\/v2\/posts"}],"about":[{"href":"https:\/\/elfaroonline.com.ar\/index.php\/wp-json\/wp\/v2\/types\/post"}],"author":[{"embeddable":true,"href":"https:\/\/elfaroonline.com.ar\/index.php\/wp-json\/wp\/v2\/users\/2"}],"replies":[{"embeddable":true,"href":"https:\/\/elfaroonline.com.ar\/index.php\/wp-json\/wp\/v2\/comments?post=440"}],"version-history":[{"count":1,"href":"https:\/\/elfaroonline.com.ar\/index.php\/wp-json\/wp\/v2\/posts\/440\/revisions"}],"predecessor-version":[{"id":442,"href":"https:\/\/elfaroonline.com.ar\/index.php\/wp-json\/wp\/v2\/posts\/440\/revisions\/442"}],"wp:featuredmedia":[{"embeddable":true,"href":"https:\/\/elfaroonline.com.ar\/index.php\/wp-json\/wp\/v2\/media\/441"}],"wp:attachment":[{"href":"https:\/\/elfaroonline.com.ar\/index.php\/wp-json\/wp\/v2\/media?parent=440"}],"wp:term":[{"taxonomy":"category","embeddable":true,"href":"https:\/\/elfaroonline.com.ar\/index.php\/wp-json\/wp\/v2\/categories?post=440"},{"taxonomy":"post_tag","embeddable":true,"href":"https:\/\/elfaroonline.com.ar\/index.php\/wp-json\/wp\/v2\/tags?post=440"}],"curies":[{"name":"wp","href":"https:\/\/api.w.org\/{rel}","templated":true}]}}