{"id":4420,"date":"2025-08-26T18:36:19","date_gmt":"2025-08-26T21:36:19","guid":{"rendered":"https:\/\/elfaroonline.com.ar\/?p=4420"},"modified":"2025-08-26T18:36:19","modified_gmt":"2025-08-26T21:36:19","slug":"puerta-de-corral-quemado-el-gobierno-inaugurara-el-camino-a-el-tolar-la-escuela-de-jacipunco-y-supervisara-nuevas-obras","status":"publish","type":"post","link":"https:\/\/elfaroonline.com.ar\/index.php\/2025\/08\/26\/puerta-de-corral-quemado-el-gobierno-inaugurara-el-camino-a-el-tolar-la-escuela-de-jacipunco-y-supervisara-nuevas-obras\/","title":{"rendered":"Puerta de Corral Quemado: el Gobierno inaugurar\u00e1 el camino a El Tolar, la Escuela de Jacipunco y supervisar\u00e1 nuevas obras"},"content":{"rendered":"<p class=\"v1MsoNormal\">El gobernador Ra\u00fal Jalil recibi\u00f3 en Casa de Gobierno al intendente de Puerta de Corral Quemado, Carlos Casimiro, para coordinar una serie de obras a inaugurar la pr\u00f3xima semana en la localidad ubicada al norte del departamento Bel\u00e9n.<\/p>\n<p class=\"v1MsoNormal\">Con el objetivo de desarrollar una agenda m\u00e1s amplia, se decidi\u00f3 trasladar para el mi\u00e9rcoles 27 de agosto la inauguraci\u00f3n oficial del Camino al Tolar, una obra largamente esperada por los vecinos de esta comunidad monta\u00f1osa. En la ocasi\u00f3n, tambi\u00e9n quedar\u00e1n inauguradas las refacciones de la Escuela N\u00b0419 de Jacipunco, obra realizada de manera integral por el Ministerio de Hacienda y Obras P\u00fablicas.<\/p>\n<p class=\"v1MsoNormal\">En la visita est\u00e1 previsto un recorrido por la obra de la Ruta Provincial N\u00ba223, que une Puerta de Corral Quemado con El Durazno, donde se realizan trabajos de obras de arte para dar continuidad a este proyecto vial, y por la Avenida Puerta del Sol, donde se proyectan trabajos de repavimentaci\u00f3n en el mediano plazo.<\/p>\n<p class=\"v1MsoNormal\">Por \u00faltimo, se confirm\u00f3 la entrega de una camioneta para la comunidad de El Tolar, que ser\u00e1 administrada (gastos y mantenimiento) por el municipio de Puerta de Corral Quemado, y de elementos necesarios para la pr\u00e1ctica del Chaku a la cual se sumar\u00e1 la comunidad originaria.<\/p>\n","protected":false},"excerpt":{"rendered":"<p>El gobernador Ra\u00fal Jalil recibi\u00f3 en Casa de Gobierno al intendente de Puerta de Corral Quemado, Carlos Casimiro, para coordinar una serie de obras a inaugurar la pr\u00f3xima semana en la localidad ubicada al norte del departamento Bel\u00e9n. Con el objetivo de desarrollar una agenda m\u00e1s amplia, se decidi\u00f3 trasladar para el mi\u00e9rcoles 27 de [&hellip;]<\/p>\n","protected":false},"author":2,"featured_media":4421,"comment_status":"open","ping_status":"open","sticky":false,"template":"","format":"standard","meta":{"footnotes":""},"categories":[23,21],"tags":[],"class_list":{"0":"post-4420","1":"post","2":"type-post","3":"status-publish","4":"format-standard","5":"has-post-thumbnail","7":"category-destacados","8":"category-politica"},"aioseo_notices":[],"_links":{"self":[{"href":"https:\/\/elfaroonline.com.ar\/index.php\/wp-json\/wp\/v2\/posts\/4420","targetHints":{"allow":["GET"]}}],"collection":[{"href":"https:\/\/elfaroonline.com.ar\/index.php\/wp-json\/wp\/v2\/posts"}],"about":[{"href":"https:\/\/elfaroonline.com.ar\/index.php\/wp-json\/wp\/v2\/types\/post"}],"author":[{"embeddable":true,"href":"https:\/\/elfaroonline.com.ar\/index.php\/wp-json\/wp\/v2\/users\/2"}],"replies":[{"embeddable":true,"href":"https:\/\/elfaroonline.com.ar\/index.php\/wp-json\/wp\/v2\/comments?post=4420"}],"version-history":[{"count":1,"href":"https:\/\/elfaroonline.com.ar\/index.php\/wp-json\/wp\/v2\/posts\/4420\/revisions"}],"predecessor-version":[{"id":4422,"href":"https:\/\/elfaroonline.com.ar\/index.php\/wp-json\/wp\/v2\/posts\/4420\/revisions\/4422"}],"wp:featuredmedia":[{"embeddable":true,"href":"https:\/\/elfaroonline.com.ar\/index.php\/wp-json\/wp\/v2\/media\/4421"}],"wp:attachment":[{"href":"https:\/\/elfaroonline.com.ar\/index.php\/wp-json\/wp\/v2\/media?parent=4420"}],"wp:term":[{"taxonomy":"category","embeddable":true,"href":"https:\/\/elfaroonline.com.ar\/index.php\/wp-json\/wp\/v2\/categories?post=4420"},{"taxonomy":"post_tag","embeddable":true,"href":"https:\/\/elfaroonline.com.ar\/index.php\/wp-json\/wp\/v2\/tags?post=4420"}],"curies":[{"name":"wp","href":"https:\/\/api.w.org\/{rel}","templated":true}]}}