{"id":4423,"date":"2025-08-26T18:38:09","date_gmt":"2025-08-26T21:38:09","guid":{"rendered":"https:\/\/elfaroonline.com.ar\/?p=4423"},"modified":"2025-08-26T18:38:09","modified_gmt":"2025-08-26T21:38:09","slug":"proyectan-la-construccion-de-un-tendido-electrico-para-las-comunidades-de-la-puna","status":"publish","type":"post","link":"https:\/\/elfaroonline.com.ar\/index.php\/2025\/08\/26\/proyectan-la-construccion-de-un-tendido-electrico-para-las-comunidades-de-la-puna\/","title":{"rendered":"Proyectan la construcci\u00f3n de un tendido el\u00e9ctrico para las comunidades de la Puna"},"content":{"rendered":"<p class=\"v1MsoNormal\">El Gobierno de la provincia proyecta ejecutar, dentro del Plan Provincial de Transici\u00f3n Energ\u00e9tica y Energ\u00edas Renovables, una red de tendido el\u00e9ctrico para optimizar el servicio en las comunidades de la Puna catamarque\u00f1a (norte de Bel\u00e9n y Antofagasta de la Sierra).<\/p>\n<p class=\"v1MsoNormal\">Dicho proyecto fue acordado por el gobernador Ra\u00fal Jalil y los representantes de las comunidades originarias de Aguas Calientes, Morterito, Chist\u00edn, El Tolar, Vicu\u00f1a Huasi-Laguna Blanca, Corral Blanco, La Angostura y Carachi, en la reuni\u00f3n que tuvo lugar este mi\u00e9rcoles en Casa de Gobierno.<\/p>\n<p class=\"v1MsoNormal\">A trav\u00e9s del Ministerio de Agua, Energ\u00eda y Medio Ambiente, se realizar\u00e1 un estudio de factibilidad de un tendido el\u00e9ctrico hacia Antofagasta de la Sierra que permitir\u00e1 llevar energ\u00eda a las mencionadas localidades de la Puna catamarque\u00f1a. Mediante este estudio se tendr\u00e1 certeza de las localidades hasta las que podr\u00e1 llegar el tendido y en cu\u00e1les ser\u00e1 necesario reforzar el sistema con otras fuentes de energ\u00eda.<\/p>\n<p class=\"v1MsoNormal\">Mientras se definen los aspectos t\u00e9cnicos y de financiamiento de la obra, el Gobierno provincial realizar\u00e1 el mantenimiento de los paneles solares que actualmente posibilitan el servicio en varias comunidades.<\/p>\n<p>El Plan de Energ\u00eda tiene como objetivo la diversificaci\u00f3n de la matriz energ\u00e9tica, con la instalaci\u00f3n de parques solares, sistemas h\u00edbridos y micro redes, priorizando especialmente a las comunidades aisladas y fomentando la generaci\u00f3n distribuida.<\/p>\n","protected":false},"excerpt":{"rendered":"<p>El Gobierno de la provincia proyecta ejecutar, dentro del Plan Provincial de Transici\u00f3n Energ\u00e9tica y Energ\u00edas Renovables, una red de tendido el\u00e9ctrico para optimizar el servicio en las comunidades de la Puna catamarque\u00f1a (norte de Bel\u00e9n y Antofagasta de la Sierra). Dicho proyecto fue acordado por el gobernador Ra\u00fal Jalil y los representantes de las [&hellip;]<\/p>\n","protected":false},"author":2,"featured_media":4424,"comment_status":"open","ping_status":"open","sticky":false,"template":"","format":"standard","meta":{"footnotes":""},"categories":[20],"tags":[],"class_list":{"0":"post-4423","1":"post","2":"type-post","3":"status-publish","4":"format-standard","5":"has-post-thumbnail","7":"category-sociedad"},"aioseo_notices":[],"_links":{"self":[{"href":"https:\/\/elfaroonline.com.ar\/index.php\/wp-json\/wp\/v2\/posts\/4423","targetHints":{"allow":["GET"]}}],"collection":[{"href":"https:\/\/elfaroonline.com.ar\/index.php\/wp-json\/wp\/v2\/posts"}],"about":[{"href":"https:\/\/elfaroonline.com.ar\/index.php\/wp-json\/wp\/v2\/types\/post"}],"author":[{"embeddable":true,"href":"https:\/\/elfaroonline.com.ar\/index.php\/wp-json\/wp\/v2\/users\/2"}],"replies":[{"embeddable":true,"href":"https:\/\/elfaroonline.com.ar\/index.php\/wp-json\/wp\/v2\/comments?post=4423"}],"version-history":[{"count":1,"href":"https:\/\/elfaroonline.com.ar\/index.php\/wp-json\/wp\/v2\/posts\/4423\/revisions"}],"predecessor-version":[{"id":4425,"href":"https:\/\/elfaroonline.com.ar\/index.php\/wp-json\/wp\/v2\/posts\/4423\/revisions\/4425"}],"wp:featuredmedia":[{"embeddable":true,"href":"https:\/\/elfaroonline.com.ar\/index.php\/wp-json\/wp\/v2\/media\/4424"}],"wp:attachment":[{"href":"https:\/\/elfaroonline.com.ar\/index.php\/wp-json\/wp\/v2\/media?parent=4423"}],"wp:term":[{"taxonomy":"category","embeddable":true,"href":"https:\/\/elfaroonline.com.ar\/index.php\/wp-json\/wp\/v2\/categories?post=4423"},{"taxonomy":"post_tag","embeddable":true,"href":"https:\/\/elfaroonline.com.ar\/index.php\/wp-json\/wp\/v2\/tags?post=4423"}],"curies":[{"name":"wp","href":"https:\/\/api.w.org\/{rel}","templated":true}]}}