{"id":443,"date":"2024-05-03T20:10:48","date_gmt":"2024-05-03T23:10:48","guid":{"rendered":"https:\/\/elfaroonline.com.ar\/?p=443"},"modified":"2024-05-03T20:10:48","modified_gmt":"2024-05-03T23:10:48","slug":"dos-empresas-logran-la-autosustentacion-con-energia-solar","status":"publish","type":"post","link":"https:\/\/elfaroonline.com.ar\/index.php\/2024\/05\/03\/dos-empresas-logran-la-autosustentacion-con-energia-solar\/","title":{"rendered":"Dos empresas logran la autosustentaci\u00f3n con energ\u00eda solar"},"content":{"rendered":"<p class=\"v1MsoNormal\"><i>Toyota del Parque y vivero Los Aromos accedieron a cr\u00e9ditos para tal fin<\/i><\/p>\n<p class=\"v1MsoNormal\">Producto de l\u00edneas crediticias otorgadas desde el Ministerio de Industria, Comercio y Empleo, destinadas a la diversificaci\u00f3n de la matriz energ\u00e9tica, dos empresas catamarque\u00f1as, Toyota del Parque y Vivero Los Aromos, cuentan hoy con la producci\u00f3n de energ\u00eda limpia de origen solar a partir de la instalaci\u00f3n de paneles solares y sus respectivos equipos generadores, los cuales les permiten producir energ\u00eda para consumo propio y aportar a la red de distribuci\u00f3n general.<\/p>\n<p class=\"v1MsoNormal\">Para dar el inicio de funcionamiento a los equipos, el ministro de Industria, Comercio y Empleo, Sebasti\u00e1n Caria, junto a miembros de su equipo, visit\u00f3 a las empresas y se interioriz\u00f3 sobre los procesos de generaci\u00f3n de energ\u00eda limpia y el gran objetivo de bajar la huella de carbono.<\/p>\n<p class=\"v1MsoNormal\">En el caso de la concesionaria automotriz, concret\u00f3 un proyecto que tiene que ver con el objetivo de la empresa japonesa denominado Visi\u00f3n 2050, para alcanzar ese a\u00f1o cero emisiones de di\u00f3xido de carbono en toda la cadena de valor empresarial. En este caso, seg\u00fan lo explicado por uno de sus gerentes, Rolando Avil\u00e9s, la instalaci\u00f3n de los paneles se realiz\u00f3 en el techo de una nueva nave, los que complementan a dos equipos inversores de 50 kilovatios de capacidad m\u00e1xima cada uno, lo que permite una ampliaci\u00f3n de hasta 100 kilovatios de generaci\u00f3n fotovoltaica.<\/p>\n<p class=\"v1MsoNormal\">La mencionada potencia supera el consumo de la empresa, por lo que el resto se inyectar\u00e1 a la red de distribuci\u00f3n de la empresa proveedora de energ\u00eda en la Provincia, paso que est\u00e1 en v\u00edas de concretarse.<\/p>\n<p class=\"v1MsoNormal\">Por su parte, en vivero Los Aromos, ubicado en La Carrera, departamento Fray Mamerto Esqui\u00fa, se pusieron en funcionamiento los equipos de generaci\u00f3n de energ\u00eda solar cuya capacidad de inyecci\u00f3n de 22 kilovatios. En este caso, el gerente Jos\u00e9 Andrada, sostuvo que &#8220;estamos muy contentos con la inversi\u00f3n que realizamos, puesto que la contribuci\u00f3n al medio ambiente que se genera con estos equipos es muy grande, a la vez que a la empresa se le reduce uno de los gastos m\u00e1s importantes, como es el pago de la energ\u00eda de red. Ahora, nosotros producimos energ\u00eda propia, y estamos en condiciones de inyectar el sobrante a la red oficial&#8221;.<\/p>\n<p class=\"v1MsoNormal\">Los cr\u00e9ditos surgen de un convenio celebrado entre el Ministerio de Industria, Comercio y Empleo y el Consejo Federal de Inversiones, a trav\u00e9s del Banco Macro que act\u00faa como agente financiero.<\/p>\n<p class=\"v1MsoNormal\">El ministro Caria sostuvo que &#8220;es muy bueno lo que pudimos ver en estas empresas catamarque\u00f1as, y desde nuestra gesti\u00f3n alentamos a todas las empresas a invertir en la generaci\u00f3n de energ\u00eda limpia, y las invitamos a que se contacten con nuestra \u00e1rea de financiamiento donde las podemos orientar sobre las l\u00edneas crediticias del momento&#8221;.<\/p>\n<p class=\"v1MsoNormal\">Participaron tambi\u00e9n de las visitas el secretario de Industria y Comercio, Jos\u00e9 Barrera; la directora de Financiamiento y Competitividad, M\u00f3nica Arias, y la directora de Comercio y Servicios, Gisela Santaluc\u00eda.<\/p>\n<div class=\"v1gmail_signature\" dir=\"ltr\">\n<div dir=\"ltr\"><\/div>\n<\/div>\n","protected":false},"excerpt":{"rendered":"<p>Toyota del Parque y vivero Los Aromos accedieron a cr\u00e9ditos para tal fin Producto de l\u00edneas crediticias otorgadas desde el Ministerio de Industria, Comercio y Empleo, destinadas a la diversificaci\u00f3n de la matriz energ\u00e9tica, dos empresas catamarque\u00f1as, Toyota del Parque y Vivero Los Aromos, cuentan hoy con la producci\u00f3n de energ\u00eda limpia de origen solar [&hellip;]<\/p>\n","protected":false},"author":2,"featured_media":444,"comment_status":"open","ping_status":"open","sticky":false,"template":"","format":"standard","meta":{"footnotes":""},"categories":[23,20],"tags":[],"class_list":{"0":"post-443","1":"post","2":"type-post","3":"status-publish","4":"format-standard","5":"has-post-thumbnail","7":"category-destacados","8":"category-sociedad"},"aioseo_notices":[],"_links":{"self":[{"href":"https:\/\/elfaroonline.com.ar\/index.php\/wp-json\/wp\/v2\/posts\/443","targetHints":{"allow":["GET"]}}],"collection":[{"href":"https:\/\/elfaroonline.com.ar\/index.php\/wp-json\/wp\/v2\/posts"}],"about":[{"href":"https:\/\/elfaroonline.com.ar\/index.php\/wp-json\/wp\/v2\/types\/post"}],"author":[{"embeddable":true,"href":"https:\/\/elfaroonline.com.ar\/index.php\/wp-json\/wp\/v2\/users\/2"}],"replies":[{"embeddable":true,"href":"https:\/\/elfaroonline.com.ar\/index.php\/wp-json\/wp\/v2\/comments?post=443"}],"version-history":[{"count":1,"href":"https:\/\/elfaroonline.com.ar\/index.php\/wp-json\/wp\/v2\/posts\/443\/revisions"}],"predecessor-version":[{"id":445,"href":"https:\/\/elfaroonline.com.ar\/index.php\/wp-json\/wp\/v2\/posts\/443\/revisions\/445"}],"wp:featuredmedia":[{"embeddable":true,"href":"https:\/\/elfaroonline.com.ar\/index.php\/wp-json\/wp\/v2\/media\/444"}],"wp:attachment":[{"href":"https:\/\/elfaroonline.com.ar\/index.php\/wp-json\/wp\/v2\/media?parent=443"}],"wp:term":[{"taxonomy":"category","embeddable":true,"href":"https:\/\/elfaroonline.com.ar\/index.php\/wp-json\/wp\/v2\/categories?post=443"},{"taxonomy":"post_tag","embeddable":true,"href":"https:\/\/elfaroonline.com.ar\/index.php\/wp-json\/wp\/v2\/tags?post=443"}],"curies":[{"name":"wp","href":"https:\/\/api.w.org\/{rel}","templated":true}]}}