{"id":446,"date":"2024-05-03T20:26:45","date_gmt":"2024-05-03T23:26:45","guid":{"rendered":"https:\/\/elfaroonline.com.ar\/?p=446"},"modified":"2024-05-03T20:26:45","modified_gmt":"2024-05-03T23:26:45","slug":"la-municipalidad-de-la-capital-convoco-al-soem","status":"publish","type":"post","link":"https:\/\/elfaroonline.com.ar\/index.php\/2024\/05\/03\/la-municipalidad-de-la-capital-convoco-al-soem\/","title":{"rendered":"La Municipalidad de la Capital convoc\u00f3 al SOEM"},"content":{"rendered":"<p class=\"v1MsoNormal\">La Municipalidad de la Capital, a trav\u00e9s del secretario de Gobierno y Coordinaci\u00f3n, Fernando Monguillot, convoc\u00f3 a las autoridades del Sindicato de Obreros y Empleados Municipales (SOEM), para retomar la discusi\u00f3n salarial.<\/p>\n<p class=\"v1MsoNormal\">La comuna formaliz\u00f3 la invitaci\u00f3n para dar cumplimiento a la cl\u00e1usula 4\u00b0 del acta acuerdo firmada el a\u00f1o pasado, donde ambas partes se comprometieron a dialogar sobre los sueldos durante el mes de mayo.<\/p>\n<p class=\"v1MsoNormal\">La reuni\u00f3n se fij\u00f3 para el pr\u00f3ximo jueves 9 en el Palacio municipal.<\/p>\n","protected":false},"excerpt":{"rendered":"<p>La Municipalidad de la Capital, a trav\u00e9s del secretario de Gobierno y Coordinaci\u00f3n, Fernando Monguillot, convoc\u00f3 a las autoridades del Sindicato de Obreros y Empleados Municipales (SOEM), para retomar la discusi\u00f3n salarial. La comuna formaliz\u00f3 la invitaci\u00f3n para dar cumplimiento a la cl\u00e1usula 4\u00b0 del acta acuerdo firmada el a\u00f1o pasado, donde ambas partes se [&hellip;]<\/p>\n","protected":false},"author":2,"featured_media":447,"comment_status":"open","ping_status":"open","sticky":false,"template":"","format":"standard","meta":{"footnotes":""},"categories":[21],"tags":[],"class_list":{"0":"post-446","1":"post","2":"type-post","3":"status-publish","4":"format-standard","5":"has-post-thumbnail","7":"category-politica"},"aioseo_notices":[],"_links":{"self":[{"href":"https:\/\/elfaroonline.com.ar\/index.php\/wp-json\/wp\/v2\/posts\/446","targetHints":{"allow":["GET"]}}],"collection":[{"href":"https:\/\/elfaroonline.com.ar\/index.php\/wp-json\/wp\/v2\/posts"}],"about":[{"href":"https:\/\/elfaroonline.com.ar\/index.php\/wp-json\/wp\/v2\/types\/post"}],"author":[{"embeddable":true,"href":"https:\/\/elfaroonline.com.ar\/index.php\/wp-json\/wp\/v2\/users\/2"}],"replies":[{"embeddable":true,"href":"https:\/\/elfaroonline.com.ar\/index.php\/wp-json\/wp\/v2\/comments?post=446"}],"version-history":[{"count":1,"href":"https:\/\/elfaroonline.com.ar\/index.php\/wp-json\/wp\/v2\/posts\/446\/revisions"}],"predecessor-version":[{"id":448,"href":"https:\/\/elfaroonline.com.ar\/index.php\/wp-json\/wp\/v2\/posts\/446\/revisions\/448"}],"wp:featuredmedia":[{"embeddable":true,"href":"https:\/\/elfaroonline.com.ar\/index.php\/wp-json\/wp\/v2\/media\/447"}],"wp:attachment":[{"href":"https:\/\/elfaroonline.com.ar\/index.php\/wp-json\/wp\/v2\/media?parent=446"}],"wp:term":[{"taxonomy":"category","embeddable":true,"href":"https:\/\/elfaroonline.com.ar\/index.php\/wp-json\/wp\/v2\/categories?post=446"},{"taxonomy":"post_tag","embeddable":true,"href":"https:\/\/elfaroonline.com.ar\/index.php\/wp-json\/wp\/v2\/tags?post=446"}],"curies":[{"name":"wp","href":"https:\/\/api.w.org\/{rel}","templated":true}]}}