{"id":449,"date":"2024-05-03T20:39:58","date_gmt":"2024-05-03T23:39:58","guid":{"rendered":"https:\/\/elfaroonline.com.ar\/?p=449"},"modified":"2024-05-03T20:39:58","modified_gmt":"2024-05-03T23:39:58","slug":"causa-adhemar-capital-prorrogan-la-prision-preventiva-para-bacchiani-blas-y-sarroca","status":"publish","type":"post","link":"https:\/\/elfaroonline.com.ar\/index.php\/2024\/05\/03\/causa-adhemar-capital-prorrogan-la-prision-preventiva-para-bacchiani-blas-y-sarroca\/","title":{"rendered":"Causa Adhemar Capital: prorrogan la prisi\u00f3n preventiva para  Bacchiani, Blas y Sarroca"},"content":{"rendered":"<p>La Justicia Federal decidi\u00f3 prorrogar por el lapso de un a\u00f1o la prisi\u00f3n preventiva de Edgar Adhemar Bacchiani, Alexis Sarroca y Jos\u00e9 Blas.<\/p>\n<p>Seg\u00fan el documento emitido, la decisi\u00f3n del rechazo se da porque hay &#8220;grandes riesgos procesales&#8230;lo cual tornar\u00eda irrazonable la disminuci\u00f3n de la medida cautelar dispuesta&#8221;.<\/p>\n<p><strong>La resoluci\u00f3n:<\/strong><\/p>\n<p>En definitiva, considerando la complejidad de la causa, la cual ser\u00eda la maniobra defraudatoria de mayor envergadura de la historia judicial de nuestra region, siendo el imputado Edgar Adhemar Bacchiani el principal responsable de la misma; y, teniendo en cuenta la cantidad de victimas y actores involucrados, como as\u00ed tambi\u00e9n el exorbitante monto de dinero fruto de tal il\u00edcito, a lo que se suma los graves riesgos procesales referidos del imputado; nos dan un par\u00e1metro objetivo y necesario para el dictado de la prorroga de prisi\u00f3n preventiva al mismo, por el lapso de un a\u00f1o, conforme los lineamientos expuestos en la ley 24.390.<br \/>\nPor todo ello y habi\u00e9ndose dado participaci\u00f3n a las partes: RESUELVO: I) PRORROGAR POR UN (01) A\u00d1O en los alcances del art. 1o de la Ley 24.390 y modificatoria -Ley 25.430-, la PRISION PREVENTIVA del procesado EDGAR<br \/>\nADHEMAR BACCHIANI.<\/p>\n","protected":false},"excerpt":{"rendered":"<p>La Justicia Federal decidi\u00f3 prorrogar por el lapso de un a\u00f1o la prisi\u00f3n preventiva de Edgar Adhemar Bacchiani, Alexis Sarroca y Jos\u00e9 Blas. Seg\u00fan el documento emitido, la decisi\u00f3n del rechazo se da porque hay &#8220;grandes riesgos procesales&#8230;lo cual tornar\u00eda irrazonable la disminuci\u00f3n de la medida cautelar dispuesta&#8221;. La resoluci\u00f3n: En definitiva, considerando la complejidad [&hellip;]<\/p>\n","protected":false},"author":2,"featured_media":450,"comment_status":"open","ping_status":"open","sticky":false,"template":"","format":"standard","meta":{"footnotes":""},"categories":[23,27],"tags":[],"class_list":{"0":"post-449","1":"post","2":"type-post","3":"status-publish","4":"format-standard","5":"has-post-thumbnail","7":"category-destacados","8":"category-policiales"},"aioseo_notices":[],"_links":{"self":[{"href":"https:\/\/elfaroonline.com.ar\/index.php\/wp-json\/wp\/v2\/posts\/449","targetHints":{"allow":["GET"]}}],"collection":[{"href":"https:\/\/elfaroonline.com.ar\/index.php\/wp-json\/wp\/v2\/posts"}],"about":[{"href":"https:\/\/elfaroonline.com.ar\/index.php\/wp-json\/wp\/v2\/types\/post"}],"author":[{"embeddable":true,"href":"https:\/\/elfaroonline.com.ar\/index.php\/wp-json\/wp\/v2\/users\/2"}],"replies":[{"embeddable":true,"href":"https:\/\/elfaroonline.com.ar\/index.php\/wp-json\/wp\/v2\/comments?post=449"}],"version-history":[{"count":1,"href":"https:\/\/elfaroonline.com.ar\/index.php\/wp-json\/wp\/v2\/posts\/449\/revisions"}],"predecessor-version":[{"id":451,"href":"https:\/\/elfaroonline.com.ar\/index.php\/wp-json\/wp\/v2\/posts\/449\/revisions\/451"}],"wp:featuredmedia":[{"embeddable":true,"href":"https:\/\/elfaroonline.com.ar\/index.php\/wp-json\/wp\/v2\/media\/450"}],"wp:attachment":[{"href":"https:\/\/elfaroonline.com.ar\/index.php\/wp-json\/wp\/v2\/media?parent=449"}],"wp:term":[{"taxonomy":"category","embeddable":true,"href":"https:\/\/elfaroonline.com.ar\/index.php\/wp-json\/wp\/v2\/categories?post=449"},{"taxonomy":"post_tag","embeddable":true,"href":"https:\/\/elfaroonline.com.ar\/index.php\/wp-json\/wp\/v2\/tags?post=449"}],"curies":[{"name":"wp","href":"https:\/\/api.w.org\/{rel}","templated":true}]}}