{"id":4492,"date":"2025-09-20T18:02:36","date_gmt":"2025-09-20T21:02:36","guid":{"rendered":"https:\/\/elfaroonline.com.ar\/?p=4492"},"modified":"2025-09-20T18:02:36","modified_gmt":"2025-09-20T21:02:36","slug":"el-corredor-vial-este-entro-en-su-etapa-final-y-se-pavimentan-los-ultimos-kilometros","status":"publish","type":"post","link":"https:\/\/elfaroonline.com.ar\/index.php\/2025\/09\/20\/el-corredor-vial-este-entro-en-su-etapa-final-y-se-pavimentan-los-ultimos-kilometros\/","title":{"rendered":"El Corredor Vial Este entr\u00f3 en su etapa final y se pavimentan los \u00faltimos kil\u00f3metros"},"content":{"rendered":"<p class=\"v1MsoNormal\"><i>Los trabajos se desarrollan en el tramo Anquincila-Empalme Ruta 13-Los Morteros.<\/i><\/p>\n<p class=\"v1MsoNormal\">La importante obra de infraestructura vial que beneficia a los vecinos de los departamentos del Este provincial entr\u00f3 en su etapa final. Son casi 150 kil\u00f3metros que conectan El Alto con Esqui\u00fa (La Paz).<\/p>\n<p class=\"v1MsoNormal\">D\u00edas atr\u00e1s, el gobernador Ra\u00fal Jalil, acompa\u00f1ado por el intendente Rodolfo Santill\u00e1n y el ministro de Gobierno, Fernando Monguillot, recorri\u00f3 los avances de la obra de pavimentaci\u00f3n de la Ruta Provincial N\u00b0 2, en el tramo Anquincila-Empalme RPN\u00b013-Los Morteros, que es el \u00faltimo tramo a pavimentar en el Corredor Vial Este.<\/p>\n<p class=\"v1MsoNormal\">La obra se desarrolla en dos secciones. La secci\u00f3n N\u00b06, que va desde el puente de Anquincila hasta el empalme con la Ruta Provincial N\u00b013 (18 km), ya fue totalmente pavimentada y restan ejecutar las tareas de se\u00f1alizaci\u00f3n y demarcaci\u00f3n horizontal. En tanto, en la secci\u00f3n N\u00b05, que se extiende desde el empalme con Ruta 13 hasta la zona de Los Morteros, llegando casi a la cumbre del Portezuelo, se avanza con trabajos de obra b\u00e1sica y pavimentaci\u00f3n a lo largo de 11 kil\u00f3metros, lo que permitir\u00e1 concluir con la obra general. Se espera que la obra est\u00e9 concluida en octubre pr\u00f3ximo.<\/p>\n<p class=\"v1MsoNormal\">Esta infraestructura vial resulta fundamental para el desarrollo productivo, tur\u00edstico y la seguridad vial de todos los vecinos del Este catamarque\u00f1o, marcando un antes y un despu\u00e9s para toda la regi\u00f3n.<\/p>\n<p class=\"v1MsoNormal\">El Corredor Vial Este conecta El Alto con Esqui\u00fa, atravesando San Antonio de La Paz, Ica\u00f1o, Anquincila, Ancasti y la Cumbre de El Portezuelo a lo largo de 150 kil\u00f3metros.<\/p>\n","protected":false},"excerpt":{"rendered":"<p>Los trabajos se desarrollan en el tramo Anquincila-Empalme Ruta 13-Los Morteros. La importante obra de infraestructura vial que beneficia a los vecinos de los departamentos del Este provincial entr\u00f3 en su etapa final. Son casi 150 kil\u00f3metros que conectan El Alto con Esqui\u00fa (La Paz). D\u00edas atr\u00e1s, el gobernador Ra\u00fal Jalil, acompa\u00f1ado por el intendente [&hellip;]<\/p>\n","protected":false},"author":2,"featured_media":4493,"comment_status":"open","ping_status":"open","sticky":false,"template":"","format":"standard","meta":{"footnotes":""},"categories":[23,21],"tags":[],"class_list":{"0":"post-4492","1":"post","2":"type-post","3":"status-publish","4":"format-standard","5":"has-post-thumbnail","7":"category-destacados","8":"category-politica"},"aioseo_notices":[],"_links":{"self":[{"href":"https:\/\/elfaroonline.com.ar\/index.php\/wp-json\/wp\/v2\/posts\/4492","targetHints":{"allow":["GET"]}}],"collection":[{"href":"https:\/\/elfaroonline.com.ar\/index.php\/wp-json\/wp\/v2\/posts"}],"about":[{"href":"https:\/\/elfaroonline.com.ar\/index.php\/wp-json\/wp\/v2\/types\/post"}],"author":[{"embeddable":true,"href":"https:\/\/elfaroonline.com.ar\/index.php\/wp-json\/wp\/v2\/users\/2"}],"replies":[{"embeddable":true,"href":"https:\/\/elfaroonline.com.ar\/index.php\/wp-json\/wp\/v2\/comments?post=4492"}],"version-history":[{"count":1,"href":"https:\/\/elfaroonline.com.ar\/index.php\/wp-json\/wp\/v2\/posts\/4492\/revisions"}],"predecessor-version":[{"id":4494,"href":"https:\/\/elfaroonline.com.ar\/index.php\/wp-json\/wp\/v2\/posts\/4492\/revisions\/4494"}],"wp:featuredmedia":[{"embeddable":true,"href":"https:\/\/elfaroonline.com.ar\/index.php\/wp-json\/wp\/v2\/media\/4493"}],"wp:attachment":[{"href":"https:\/\/elfaroonline.com.ar\/index.php\/wp-json\/wp\/v2\/media?parent=4492"}],"wp:term":[{"taxonomy":"category","embeddable":true,"href":"https:\/\/elfaroonline.com.ar\/index.php\/wp-json\/wp\/v2\/categories?post=4492"},{"taxonomy":"post_tag","embeddable":true,"href":"https:\/\/elfaroonline.com.ar\/index.php\/wp-json\/wp\/v2\/tags?post=4492"}],"curies":[{"name":"wp","href":"https:\/\/api.w.org\/{rel}","templated":true}]}}