{"id":4495,"date":"2025-09-20T18:02:12","date_gmt":"2025-09-20T21:02:12","guid":{"rendered":"https:\/\/elfaroonline.com.ar\/?p=4495"},"modified":"2025-09-20T18:02:12","modified_gmt":"2025-09-20T21:02:12","slug":"avanza-la-construccion-del-acueducto-de-recreo","status":"publish","type":"post","link":"https:\/\/elfaroonline.com.ar\/index.php\/2025\/09\/20\/avanza-la-construccion-del-acueducto-de-recreo\/","title":{"rendered":"Avanza la construcci\u00f3n del Acueducto de Recreo"},"content":{"rendered":"<div dir=\"ltr\">\n<div dir=\"ltr\">\n<p class=\"v1MsoNormal\">La Provincia contin\u00faa con un plan de obras h\u00eddricas para mejorar y optimizar el servicio de agua potable en todo el territorio provincial. En este marco, durante su visita a la localidad de Recreo, el gobernador Ra\u00fal Jalil recorri\u00f3 la obra del Acueducto que se ejecuta con recursos provinciales.<\/p>\n<p class=\"v1MsoNormal\">El mandatario estuvo acompa\u00f1ado por el ministro de Gobierno, Seguridad y Justicia, Fernando Monguillot, la diputada provincial, Mar\u00eda Argerich, y la dirigente lapace\u00f1a Debora Romero. En la oportunidad, el titular de la cartera de Gobierno remarc\u00f3 la importancia de la obra, de la cual sostuvo que &#8220;esta es una gran obra para Recreo, puesto que optimizar\u00e1 algo tan esencial como es el agua y le dar\u00e1 estabilidad al servicio por las pr\u00f3ximas d\u00e9cadas&#8221;.<\/p>\n<p class=\"v1MsoNormal\">A la vez, celebr\u00f3 que el gobierno de Catamarca haya logrado la licitaci\u00f3n de la obra del Acueducto desde el dique El Bols\u00f3n que va a dotar de agua potable a las localidades de Quir\u00f3s y Fr\u00edas, pero que en general beneficiar\u00e1 a todo el departamento de La Paz. &#8220;Se trata de una obra gestionada por la Provincia ante Naci\u00f3n, que tendr\u00e1 financiamiento internacional&#8221;.<\/p>\n<p class=\"v1MsoNormal\">Respecto de la obra del Acueducto en Recreo, es realizada por el Ministerio de Agua, Energ\u00eda y Medio Ambiente, a trav\u00e9s de Aguas de Catamarca SAPEM, y contempla la ejecuci\u00f3n de 23.000 metros de ca\u00f1er\u00eda de DN 350 mm en PRFV y 2.000 metros de ca\u00f1er\u00eda de di\u00e1metro 500 mm en PRFV. Las mismas llevar\u00e1n el vital l\u00edquido desde la zona de perforaciones hasta la cisterna existente en la localidad. El objetivo principal es el cambio de la ca\u00f1er\u00eda existente que se encuentra obsoleta, para\u00a0solucionar y garantizar el servicio durante los pr\u00f3ximos 20 a\u00f1os.<\/p>\n<\/div>\n<\/div>\n","protected":false},"excerpt":{"rendered":"<p>La Provincia contin\u00faa con un plan de obras h\u00eddricas para mejorar y optimizar el servicio de agua potable en todo el territorio provincial. En este marco, durante su visita a la localidad de Recreo, el gobernador Ra\u00fal Jalil recorri\u00f3 la obra del Acueducto que se ejecuta con recursos provinciales. El mandatario estuvo acompa\u00f1ado por el [&hellip;]<\/p>\n","protected":false},"author":2,"featured_media":4496,"comment_status":"open","ping_status":"open","sticky":false,"template":"","format":"standard","meta":{"footnotes":""},"categories":[21],"tags":[],"class_list":{"0":"post-4495","1":"post","2":"type-post","3":"status-publish","4":"format-standard","5":"has-post-thumbnail","7":"category-politica"},"aioseo_notices":[],"_links":{"self":[{"href":"https:\/\/elfaroonline.com.ar\/index.php\/wp-json\/wp\/v2\/posts\/4495","targetHints":{"allow":["GET"]}}],"collection":[{"href":"https:\/\/elfaroonline.com.ar\/index.php\/wp-json\/wp\/v2\/posts"}],"about":[{"href":"https:\/\/elfaroonline.com.ar\/index.php\/wp-json\/wp\/v2\/types\/post"}],"author":[{"embeddable":true,"href":"https:\/\/elfaroonline.com.ar\/index.php\/wp-json\/wp\/v2\/users\/2"}],"replies":[{"embeddable":true,"href":"https:\/\/elfaroonline.com.ar\/index.php\/wp-json\/wp\/v2\/comments?post=4495"}],"version-history":[{"count":1,"href":"https:\/\/elfaroonline.com.ar\/index.php\/wp-json\/wp\/v2\/posts\/4495\/revisions"}],"predecessor-version":[{"id":4497,"href":"https:\/\/elfaroonline.com.ar\/index.php\/wp-json\/wp\/v2\/posts\/4495\/revisions\/4497"}],"wp:featuredmedia":[{"embeddable":true,"href":"https:\/\/elfaroonline.com.ar\/index.php\/wp-json\/wp\/v2\/media\/4496"}],"wp:attachment":[{"href":"https:\/\/elfaroonline.com.ar\/index.php\/wp-json\/wp\/v2\/media?parent=4495"}],"wp:term":[{"taxonomy":"category","embeddable":true,"href":"https:\/\/elfaroonline.com.ar\/index.php\/wp-json\/wp\/v2\/categories?post=4495"},{"taxonomy":"post_tag","embeddable":true,"href":"https:\/\/elfaroonline.com.ar\/index.php\/wp-json\/wp\/v2\/tags?post=4495"}],"curies":[{"name":"wp","href":"https:\/\/api.w.org\/{rel}","templated":true}]}}