{"id":4498,"date":"2025-09-20T18:01:56","date_gmt":"2025-09-20T21:01:56","guid":{"rendered":"https:\/\/elfaroonline.com.ar\/?p=4498"},"modified":"2025-09-20T18:01:56","modified_gmt":"2025-09-20T21:01:56","slug":"175-familias-de-profesionales-catamarquenos-recibieron-su-nuevo-hogar","status":"publish","type":"post","link":"https:\/\/elfaroonline.com.ar\/index.php\/2025\/09\/20\/175-familias-de-profesionales-catamarquenos-recibieron-su-nuevo-hogar\/","title":{"rendered":"175 familias de profesionales catamarque\u00f1os recibieron su nuevo hogar"},"content":{"rendered":"<p class=\"v1MsoNormal\"><i>Se efectu\u00f3 una nueva entrega de viviendas y ya son cerca de 500 los hogares entregados este a\u00f1o.<\/i><\/p>\n<p class=\"v1MsoNormal\">En un acto que simboliza la continuidad de las pol\u00edticas habitacionales en la provincia, el gobernador Ra\u00fal Jalil, junto al ministro de Vivienda y Urbanizaci\u00f3n, Fidel S\u00e1enz, y al ministro de Gobierno, Seguridad y Justicia, Fernando Monguillot, encabez\u00f3 la entrega de 175 viviendas a profesionales catamarque\u00f1os en el Loteo Paco Rojas. De ellas, 150 est\u00e1n destinadas a familias y 25 a profesionales solteros.<\/p>\n<p class=\"v1MsoNormal\">El programa se desarroll\u00f3 en coordinaci\u00f3n con cinco colegios profesionales clave de la provincia: el Colegio de Abogados de Catamarca, la Uni\u00f3n de Arquitectos, el Consejo Profesional de Ciencias Econ\u00f3micas, el Colegio M\u00e9dico y el Colegio de Kinesi\u00f3logos y Fisioterapeutas. La iniciativa combina el aporte econ\u00f3mico inicial de los adjudicatarios con cuotas superiores a las de los planes tradicionales del IPV, garantizando la continuidad de los proyectos de vivienda pese al desfinanciamiento por parte del Gobierno nacional.<\/p>\n<p class=\"v1MsoNormal\"><b>Fidel S\u00e1enz <\/b>destac\u00f3 la importancia del programa y su enfoque en los profesionales. &#8220;El objetivo de este plan integral de viviendas es responder a la creciente demanda habitacional que hemos detectado a trav\u00e9s de nuestro observatorio. Antes cont\u00e1bamos con el Plan Procrear a nivel nacional, que facilitaba cr\u00e9ditos a las familias de clase media, pero esa l\u00ednea ya no existe. Por eso nuestro Gobierno decidi\u00f3 construir estas viviendas con recursos provinciales&#8221;, explic\u00f3.<\/p>\n<p class=\"v1MsoNormal\">&#8220;Queremos que todos los sectores de la sociedad puedan acceder a sus derechos y no vamos a parar hasta que cada catamarque\u00f1o tenga su soluci\u00f3n habitacional. Esta pol\u00edtica refleja nuestro compromiso con la inclusi\u00f3n y el bienestar de todos los vecinos&#8221;, cerr\u00f3 S\u00e1enz dejando en claro que el Gobierno seguir\u00e1 trabajando para cubrir la demanda habitacional<\/p>\n<p class=\"v1MsoNormal\">El <b>ministro de Gobierno, Fernando Monguillot,<\/b>destac\u00f3 que el acceso a la vivienda se volvi\u00f3 cada vez m\u00e1s dif\u00edcil, no solo para los sectores vulnerables sino tambi\u00e9n para los profesionales. &#8220;A trav\u00e9s de estos programas, hoy se puede lograr&#8221;, afirm\u00f3.\u00a0 Remarc\u00f3 que estas entregas no se limitan a la Capital, sino que tambi\u00e9n benefician a familias en el interior de la provincia. &#8220;El gobernador nos pide dar un pasito todos los d\u00edas, y eso es lo que estamos haciendo: avanzar pese a las dificultades nacionales y seguir buscando soluciones para todos los catamarque\u00f1os&#8221;, concluy\u00f3.<\/p>\n<p class=\"v1MsoNormal\">Con esta nueva entrega, en lo que va de 2025, el Gobierno de Catamarca entreg\u00f3 cerca de 500 viviendas en distintos puntos de la provincia, entre ellos Pom\u00e1n, Fiambal\u00e1, Capital, Valle Viejo, Fray Mamerto Esqui\u00fa, Los Varela, Bel\u00e9n, Huillapima, entre otros.<\/p>\n<p class=\"v1MsoNormal\"><b>Viviendas adaptables y con infraestructura completa<\/b><\/p>\n<p class=\"v1MsoNormal\">Las viviendas del Loteo Paco Rojas cuentan con un dise\u00f1o adaptable y ampliable, pensado para ajustarse a las necesidades de los profesionales. Est\u00e1n equipadas con termotanques solares y cocinas, promoviendo la eficiencia energ\u00e9tica y el confort.<\/p>\n<p class=\"v1MsoNormal\">El barrio dispone adem\u00e1s de infraestructura completa: movimiento de suelo, redes de agua y cloacas, electricidad, iluminaci\u00f3n p\u00fablica, veredas y cord\u00f3n cuneta, asegurando una calidad de vida \u00f3ptima para los nuevos habitantes.<\/p>\n","protected":false},"excerpt":{"rendered":"<p>Se efectu\u00f3 una nueva entrega de viviendas y ya son cerca de 500 los hogares entregados este a\u00f1o. En un acto que simboliza la continuidad de las pol\u00edticas habitacionales en la provincia, el gobernador Ra\u00fal Jalil, junto al ministro de Vivienda y Urbanizaci\u00f3n, Fidel S\u00e1enz, y al ministro de Gobierno, Seguridad y Justicia, Fernando Monguillot, [&hellip;]<\/p>\n","protected":false},"author":2,"featured_media":4499,"comment_status":"open","ping_status":"open","sticky":false,"template":"","format":"standard","meta":{"footnotes":""},"categories":[23,20],"tags":[],"class_list":{"0":"post-4498","1":"post","2":"type-post","3":"status-publish","4":"format-standard","5":"has-post-thumbnail","7":"category-destacados","8":"category-sociedad"},"aioseo_notices":[],"_links":{"self":[{"href":"https:\/\/elfaroonline.com.ar\/index.php\/wp-json\/wp\/v2\/posts\/4498","targetHints":{"allow":["GET"]}}],"collection":[{"href":"https:\/\/elfaroonline.com.ar\/index.php\/wp-json\/wp\/v2\/posts"}],"about":[{"href":"https:\/\/elfaroonline.com.ar\/index.php\/wp-json\/wp\/v2\/types\/post"}],"author":[{"embeddable":true,"href":"https:\/\/elfaroonline.com.ar\/index.php\/wp-json\/wp\/v2\/users\/2"}],"replies":[{"embeddable":true,"href":"https:\/\/elfaroonline.com.ar\/index.php\/wp-json\/wp\/v2\/comments?post=4498"}],"version-history":[{"count":1,"href":"https:\/\/elfaroonline.com.ar\/index.php\/wp-json\/wp\/v2\/posts\/4498\/revisions"}],"predecessor-version":[{"id":4500,"href":"https:\/\/elfaroonline.com.ar\/index.php\/wp-json\/wp\/v2\/posts\/4498\/revisions\/4500"}],"wp:featuredmedia":[{"embeddable":true,"href":"https:\/\/elfaroonline.com.ar\/index.php\/wp-json\/wp\/v2\/media\/4499"}],"wp:attachment":[{"href":"https:\/\/elfaroonline.com.ar\/index.php\/wp-json\/wp\/v2\/media?parent=4498"}],"wp:term":[{"taxonomy":"category","embeddable":true,"href":"https:\/\/elfaroonline.com.ar\/index.php\/wp-json\/wp\/v2\/categories?post=4498"},{"taxonomy":"post_tag","embeddable":true,"href":"https:\/\/elfaroonline.com.ar\/index.php\/wp-json\/wp\/v2\/tags?post=4498"}],"curies":[{"name":"wp","href":"https:\/\/api.w.org\/{rel}","templated":true}]}}