{"id":4501,"date":"2025-09-20T18:01:34","date_gmt":"2025-09-20T21:01:34","guid":{"rendered":"https:\/\/elfaroonline.com.ar\/?p=4501"},"modified":"2025-09-20T18:01:34","modified_gmt":"2025-09-20T21:01:34","slug":"plan-de-conectividad-educativa-300-escuelas-de-rurales-recibiran-antenas-para-acceder-a-internet","status":"publish","type":"post","link":"https:\/\/elfaroonline.com.ar\/index.php\/2025\/09\/20\/plan-de-conectividad-educativa-300-escuelas-de-rurales-recibiran-antenas-para-acceder-a-internet\/","title":{"rendered":"Plan de Conectividad Educativa: 300 escuelas de rurales recibir\u00e1n antenas para acceder a internet"},"content":{"rendered":"<p class=\"v1MsoNormal\">En el marco del Plan de Conectividad Educativa, el Gobierno de Catamarca distribuir\u00e1 un total de 300 antenas en escuelas a lo largo y ancho del territorio provincial, lo que permitir\u00e1 ampliar y mejorar el acceso a internet en los establecimientos y garantizar las condiciones adecuadas para el desarrollo de propuestas pedag\u00f3gicas digitales.<\/p>\n<p class=\"v1MsoNormal\">Este viernes se concret\u00f3 la entrega de antenas a la Provincia para dotar y comenzar a distribuir internet satelital a 300 escuelas rurales. La iniciativa se implementar\u00e1 a trav\u00e9s de la tecnolog\u00eda de Starlink, garantizando acceso de calidad en zonas donde la conectividad tradicional resulta limitada o inexistente.<\/p>\n<p class=\"v1MsoNormal\">El acto cont\u00f3 con la participaci\u00f3n del gobernador Ra\u00fal Jalil; el ministro de Educaci\u00f3n, Ciencia y Tecnolog\u00eda, Nicol\u00e1s Rosales Matienzo, y\u00a0el CEO de Telecentro, Fernando Herrera,\u00a0quienes destacaron el alcance estrat\u00e9gico del acuerdo. &#8220;Este acuerdo nos permite saldar una deuda hist\u00f3rica con nuestras comunidades rurales. La educaci\u00f3n del futuro necesita conectividad, y hoy damos un paso concreto para que ning\u00fan estudiante catamarque\u00f1o quede afuera&#8221;, expres\u00f3 el gobernador Ra\u00fal Jalil.<\/p>\n<p class=\"v1MsoNormal\">Por su parte, Herrera subray\u00f3 el rol de la empresa en este desaf\u00edo: &#8220;Nuestra misi\u00f3n es llevar internet a donde antes parec\u00eda imposible. Con Starlink y este trabajo conjunto con la provincia, miles de chicos y docentes tendr\u00e1n acceso a las mismas oportunidades digitales que en cualquier ciudad del mundo&#8221;.<\/p>\n<p class=\"v1MsoNormal\">El convenio busca reducir la brecha digital y educativa, asegurando que ni\u00f1os, ni\u00f1as y docentes de \u00e1reas rurales puedan acceder a los mismos recursos tecnol\u00f3gicos y pedag\u00f3gicos que en los centros urbanos. Con esta medida, Catamarca se convierte en una de las primeras provincias argentinas en apostar de manera masiva por la conectividad satelital como herramienta para potenciar el desarrollo educativo.<\/p>\n<p class=\"v1MsoNormal\">Cada escuela contar\u00e1 con antenas Starlink de \u00faltima generaci\u00f3n, asegurando un servicio estable, veloz y seguro para actividades educativas, administrativas y comunitarias.<\/p>\n<p class=\"v1MsoNormal\">Este acuerdo refleja la visi\u00f3n compartida entre el Gobierno de Catamarca y Telecentro de que la conectividad es un derecho esencial y una herramienta de inclusi\u00f3n social. Con la llegada de internet satelital a las escuelas rurales, miles de estudiantes catamarque\u00f1os podr\u00e1n aprender, crear y conectarse con el mundo, abriendo nuevas oportunidades de crecimiento para toda la provincia.<\/p>\n","protected":false},"excerpt":{"rendered":"<p>En el marco del Plan de Conectividad Educativa, el Gobierno de Catamarca distribuir\u00e1 un total de 300 antenas en escuelas a lo largo y ancho del territorio provincial, lo que permitir\u00e1 ampliar y mejorar el acceso a internet en los establecimientos y garantizar las condiciones adecuadas para el desarrollo de propuestas pedag\u00f3gicas digitales. Este viernes [&hellip;]<\/p>\n","protected":false},"author":2,"featured_media":4502,"comment_status":"open","ping_status":"open","sticky":false,"template":"","format":"standard","meta":{"footnotes":""},"categories":[20],"tags":[],"class_list":{"0":"post-4501","1":"post","2":"type-post","3":"status-publish","4":"format-standard","5":"has-post-thumbnail","7":"category-sociedad"},"aioseo_notices":[],"_links":{"self":[{"href":"https:\/\/elfaroonline.com.ar\/index.php\/wp-json\/wp\/v2\/posts\/4501","targetHints":{"allow":["GET"]}}],"collection":[{"href":"https:\/\/elfaroonline.com.ar\/index.php\/wp-json\/wp\/v2\/posts"}],"about":[{"href":"https:\/\/elfaroonline.com.ar\/index.php\/wp-json\/wp\/v2\/types\/post"}],"author":[{"embeddable":true,"href":"https:\/\/elfaroonline.com.ar\/index.php\/wp-json\/wp\/v2\/users\/2"}],"replies":[{"embeddable":true,"href":"https:\/\/elfaroonline.com.ar\/index.php\/wp-json\/wp\/v2\/comments?post=4501"}],"version-history":[{"count":2,"href":"https:\/\/elfaroonline.com.ar\/index.php\/wp-json\/wp\/v2\/posts\/4501\/revisions"}],"predecessor-version":[{"id":4522,"href":"https:\/\/elfaroonline.com.ar\/index.php\/wp-json\/wp\/v2\/posts\/4501\/revisions\/4522"}],"wp:featuredmedia":[{"embeddable":true,"href":"https:\/\/elfaroonline.com.ar\/index.php\/wp-json\/wp\/v2\/media\/4502"}],"wp:attachment":[{"href":"https:\/\/elfaroonline.com.ar\/index.php\/wp-json\/wp\/v2\/media?parent=4501"}],"wp:term":[{"taxonomy":"category","embeddable":true,"href":"https:\/\/elfaroonline.com.ar\/index.php\/wp-json\/wp\/v2\/categories?post=4501"},{"taxonomy":"post_tag","embeddable":true,"href":"https:\/\/elfaroonline.com.ar\/index.php\/wp-json\/wp\/v2\/tags?post=4501"}],"curies":[{"name":"wp","href":"https:\/\/api.w.org\/{rel}","templated":true}]}}