{"id":4504,"date":"2025-09-20T18:01:16","date_gmt":"2025-09-20T21:01:16","guid":{"rendered":"https:\/\/elfaroonline.com.ar\/?p=4504"},"modified":"2025-09-20T18:01:16","modified_gmt":"2025-09-20T21:01:16","slug":"mas-de-140-pymes-y-emprendimientos-participaron-de-la-jornada-de-fogacat-en-el-mercado-de-capitales","status":"publish","type":"post","link":"https:\/\/elfaroonline.com.ar\/index.php\/2025\/09\/20\/mas-de-140-pymes-y-emprendimientos-participaron-de-la-jornada-de-fogacat-en-el-mercado-de-capitales\/","title":{"rendered":"M\u00e1s de 140 PyMEs y emprendimientos participaron de la jornada de FOGACAT en el Mercado de Capitales"},"content":{"rendered":"<p class=\"v1MsoNormal\">Con una amplia convocatoria de m\u00e1s de 140 PyMEs y emprendimientos catamarque\u00f1os, se realiz\u00f3 en el Hotel Casino Catamarca la jornada en la que el Fondo de Garant\u00eda Catamarca (FOGACAT) inici\u00f3 oficialmente sus operaciones en el Mercado de Capitales.<\/p>\n<p class=\"v1MsoNormal\">El evento cont\u00f3 con la presencia del gobernador Ra\u00fal Jalil; la presidenta de FOGACAT, Alejandra Nazareno; el ministro de Gobierno, Seguridad y Justicia, Fernando Monguillot; el director de Recursos Financieros del Consejo Federal de Inversiones, Esteban Rodr\u00edguez, y representantes del CFI, Comisi\u00f3n Nacional de Valores (CNV), empresarios y referentes de c\u00e1maras sectoriales.<\/p>\n<p class=\"v1MsoNormal\">En ese marco, se anunci\u00f3 el convenio entre la Provincia, FOGACAT y el CFI, que implica un nuevo aporte del organismo nacional destinado a ampliar la asistencia a las empresas de Catamarca y potenciar inversiones en innovaci\u00f3n, tecnolog\u00eda, transformaci\u00f3n digital, certificaciones de calidad, cuidado del ambiente y financiamiento de exportaciones.<\/p>\n<p class=\"v1MsoNormal\">Sobre el encuentro el gobernador Ra\u00fal Jalil expres\u00f3: &#8220;Estamos muy contentos con los resultados que ha logrado FOGACAT en tan poco tiempo, y esperamos que con este aporte siga creciendo para apoyar al sector privado y acompa\u00f1ar el desarrollo productivo de Catamarca&#8221;.<\/p>\n<p class=\"v1MsoNormal\">La presidenta de FOGACAT, Alejandra Nazareno, destac\u00f3 que &#8220;en menos de un a\u00f1o, FOGACAT asisti\u00f3 con sus garant\u00edas a m\u00e1s de 120 PyMEs, con un aporte superior a los 4.500 millones de pesos, fortaleciendo la econom\u00eda provincial. Hoy, con el ingreso al Mercado de Capitales y el apoyo del CFI, ampliamos el horizonte de oportunidades para que nuestras empresas crezcan, innoven y generen m\u00e1s empleo en Catamarca&#8221;.<\/p>\n<p class=\"v1MsoNormal\">Por \u00faltimo, el vicepresidente y gerente general de FOGACAT, Eduardo Castagnola, subray\u00f3 que &#8220;cualquier PyME puede acercarse a este instrumento. Estamos para acompa\u00f1arlas, brindar asesoramiento y asegurar que tengan el respaldo necesario para concretar sus proyectos&#8221;.<\/p>\n<p class=\"v1MsoNormal\">El encuentro, que incluy\u00f3 un taller especializado con la participaci\u00f3n de Nicol\u00e1s Villar y Anah\u00ed Alujas (CFI), Israel Borgnia Villacorta (CNV), Germ\u00e1n Plessen (economista), Adri\u00e1n Atanasoff (consultor PyME) y Eduardo Castagnola (FOGACAT), cont\u00f3 con el apoyo del Consejo Federal de Inversiones (CFI) y del Ministerio de Trabajo, Planificaci\u00f3n y Recursos Humanos, a cargo de Ver\u00f3nica Soria.<\/p>\n","protected":false},"excerpt":{"rendered":"<p>Con una amplia convocatoria de m\u00e1s de 140 PyMEs y emprendimientos catamarque\u00f1os, se realiz\u00f3 en el Hotel Casino Catamarca la jornada en la que el Fondo de Garant\u00eda Catamarca (FOGACAT) inici\u00f3 oficialmente sus operaciones en el Mercado de Capitales. El evento cont\u00f3 con la presencia del gobernador Ra\u00fal Jalil; la presidenta de FOGACAT, Alejandra Nazareno; [&hellip;]<\/p>\n","protected":false},"author":2,"featured_media":4505,"comment_status":"open","ping_status":"open","sticky":false,"template":"","format":"standard","meta":{"footnotes":""},"categories":[21],"tags":[],"class_list":{"0":"post-4504","1":"post","2":"type-post","3":"status-publish","4":"format-standard","5":"has-post-thumbnail","7":"category-politica"},"aioseo_notices":[],"_links":{"self":[{"href":"https:\/\/elfaroonline.com.ar\/index.php\/wp-json\/wp\/v2\/posts\/4504","targetHints":{"allow":["GET"]}}],"collection":[{"href":"https:\/\/elfaroonline.com.ar\/index.php\/wp-json\/wp\/v2\/posts"}],"about":[{"href":"https:\/\/elfaroonline.com.ar\/index.php\/wp-json\/wp\/v2\/types\/post"}],"author":[{"embeddable":true,"href":"https:\/\/elfaroonline.com.ar\/index.php\/wp-json\/wp\/v2\/users\/2"}],"replies":[{"embeddable":true,"href":"https:\/\/elfaroonline.com.ar\/index.php\/wp-json\/wp\/v2\/comments?post=4504"}],"version-history":[{"count":1,"href":"https:\/\/elfaroonline.com.ar\/index.php\/wp-json\/wp\/v2\/posts\/4504\/revisions"}],"predecessor-version":[{"id":4506,"href":"https:\/\/elfaroonline.com.ar\/index.php\/wp-json\/wp\/v2\/posts\/4504\/revisions\/4506"}],"wp:featuredmedia":[{"embeddable":true,"href":"https:\/\/elfaroonline.com.ar\/index.php\/wp-json\/wp\/v2\/media\/4505"}],"wp:attachment":[{"href":"https:\/\/elfaroonline.com.ar\/index.php\/wp-json\/wp\/v2\/media?parent=4504"}],"wp:term":[{"taxonomy":"category","embeddable":true,"href":"https:\/\/elfaroonline.com.ar\/index.php\/wp-json\/wp\/v2\/categories?post=4504"},{"taxonomy":"post_tag","embeddable":true,"href":"https:\/\/elfaroonline.com.ar\/index.php\/wp-json\/wp\/v2\/tags?post=4504"}],"curies":[{"name":"wp","href":"https:\/\/api.w.org\/{rel}","templated":true}]}}