{"id":4510,"date":"2025-09-20T18:00:57","date_gmt":"2025-09-20T21:00:57","guid":{"rendered":"https:\/\/elfaroonline.com.ar\/?p=4510"},"modified":"2025-09-20T18:00:57","modified_gmt":"2025-09-20T21:00:57","slug":"icano-ya-cuenta-con-planta-de-tratamiento-de-aguas-residuales-mas-de-3-500-vecinos-beneficiados","status":"publish","type":"post","link":"https:\/\/elfaroonline.com.ar\/index.php\/2025\/09\/20\/icano-ya-cuenta-con-planta-de-tratamiento-de-aguas-residuales-mas-de-3-500-vecinos-beneficiados\/","title":{"rendered":"Ica\u00f1o ya cuenta con Planta de Tratamiento de Aguas Residuales: m\u00e1s de 3.500 vecinos beneficiados"},"content":{"rendered":"<p class=\"v1MsoNormal\">Con el objetivo de mejorar la calidad de vida de la comunidad y contribuir al cuidado del medio ambiente, Aguas de Catamarca finaliz\u00f3 la construcci\u00f3n de la Planta de Tratamiento de Aguas Residuales en la localidad de Ica\u00f1o, departamento La Paz.<\/p>\n<p class=\"v1MsoNormal\">En el marco de su visita al Este provincial, el gobernador Ra\u00fal Jalil, junto al ministro de Gobierno, Seguridad y Justicia, Fernando Monguillot; el intendente de Ica\u00f1o, Franco Carletta, entre otras autoridades, dejaron oficialmente inaugurada la obra de saneamiento.<\/p>\n<p class=\"v1MsoNormal\">La obra fue posible gracias al trabajo conjunto de la empresa con el Ministerio de Agua, Energ\u00eda y Medio Ambiente de la provincia, en el marco de un compromiso sostenido para dotar de infraestructura b\u00e1sica a los municipios y garantizar un futuro m\u00e1s limpio y sostenible.<\/p>\n<p class=\"v1MsoNormal\">Se estima que cerca de 3.500 habitantes resultar\u00e1n beneficiados de manera directa, con una proyecci\u00f3n de cobertura del 95% de la poblaci\u00f3n en los pr\u00f3ximos 20 a\u00f1os. De esta manera, Ica\u00f1o no solo mejora sus condiciones sanitarias actuales, sino que tambi\u00e9n se prepara para acompa\u00f1ar el crecimiento demogr\u00e1fico futuro sobre bases s\u00f3lidas y sustentables.<\/p>\n<p class=\"v1MsoNormal\">Hasta ahora, la poblaci\u00f3n de Ica\u00f1o solo contaba con sistemas de pozos absorbentes, lo que limitaba el tratamiento seguro de las aguas residuales. Con esta nueva obra, se marca un antes y un despu\u00e9s en la infraestructura local. El proyecto contempl\u00f3 la construcci\u00f3n de una red de ca\u00f1er\u00edas colectoras de 15.499 metros de longitud, con distintos di\u00e1metros, adem\u00e1s de 656 conexiones domiciliarias y un colector principal que vincula la red con la Planta de Tratamiento de Aguas Residuales (PTAR).<\/p>\n","protected":false},"excerpt":{"rendered":"<p>Con el objetivo de mejorar la calidad de vida de la comunidad y contribuir al cuidado del medio ambiente, Aguas de Catamarca finaliz\u00f3 la construcci\u00f3n de la Planta de Tratamiento de Aguas Residuales en la localidad de Ica\u00f1o, departamento La Paz. En el marco de su visita al Este provincial, el gobernador Ra\u00fal Jalil, junto [&hellip;]<\/p>\n","protected":false},"author":2,"featured_media":4511,"comment_status":"open","ping_status":"open","sticky":false,"template":"","format":"standard","meta":{"footnotes":""},"categories":[20],"tags":[],"class_list":{"0":"post-4510","1":"post","2":"type-post","3":"status-publish","4":"format-standard","5":"has-post-thumbnail","7":"category-sociedad"},"aioseo_notices":[],"_links":{"self":[{"href":"https:\/\/elfaroonline.com.ar\/index.php\/wp-json\/wp\/v2\/posts\/4510","targetHints":{"allow":["GET"]}}],"collection":[{"href":"https:\/\/elfaroonline.com.ar\/index.php\/wp-json\/wp\/v2\/posts"}],"about":[{"href":"https:\/\/elfaroonline.com.ar\/index.php\/wp-json\/wp\/v2\/types\/post"}],"author":[{"embeddable":true,"href":"https:\/\/elfaroonline.com.ar\/index.php\/wp-json\/wp\/v2\/users\/2"}],"replies":[{"embeddable":true,"href":"https:\/\/elfaroonline.com.ar\/index.php\/wp-json\/wp\/v2\/comments?post=4510"}],"version-history":[{"count":1,"href":"https:\/\/elfaroonline.com.ar\/index.php\/wp-json\/wp\/v2\/posts\/4510\/revisions"}],"predecessor-version":[{"id":4512,"href":"https:\/\/elfaroonline.com.ar\/index.php\/wp-json\/wp\/v2\/posts\/4510\/revisions\/4512"}],"wp:featuredmedia":[{"embeddable":true,"href":"https:\/\/elfaroonline.com.ar\/index.php\/wp-json\/wp\/v2\/media\/4511"}],"wp:attachment":[{"href":"https:\/\/elfaroonline.com.ar\/index.php\/wp-json\/wp\/v2\/media?parent=4510"}],"wp:term":[{"taxonomy":"category","embeddable":true,"href":"https:\/\/elfaroonline.com.ar\/index.php\/wp-json\/wp\/v2\/categories?post=4510"},{"taxonomy":"post_tag","embeddable":true,"href":"https:\/\/elfaroonline.com.ar\/index.php\/wp-json\/wp\/v2\/tags?post=4510"}],"curies":[{"name":"wp","href":"https:\/\/api.w.org\/{rel}","templated":true}]}}