{"id":4516,"date":"2025-09-20T17:58:19","date_gmt":"2025-09-20T20:58:19","guid":{"rendered":"https:\/\/elfaroonline.com.ar\/?p=4516"},"modified":"2025-09-20T17:58:19","modified_gmt":"2025-09-20T20:58:19","slug":"catamarca-presentara-su-oferta-turistica-en-la-feria-internacional-de-turismo","status":"publish","type":"post","link":"https:\/\/elfaroonline.com.ar\/index.php\/2025\/09\/20\/catamarca-presentara-su-oferta-turistica-en-la-feria-internacional-de-turismo\/","title":{"rendered":"Catamarca presentar\u00e1 su oferta tur\u00edstica en la Feria Internacional de Turismo"},"content":{"rendered":"<p dir=\"ltr\">Catamarca se prepara para desembarcar con toda su oferta tur\u00edstica en la Feria Internacional de Turismo de Am\u00e9rica Latina (FIT), que se realizar\u00e1 del 27 al 30 de septiembre en el Predio de La Rural, en la Ciudad de Buenos Aires. Durante los cuatro d\u00edas se promocionar\u00e1n los destinos de la provincia con m\u00fasica, gastronom\u00eda y juegos interactivos en el stand 1320, que tendr\u00e1 el Ministerio de Cultura, Turismo y Deporte junto a las provincias de la regi\u00f3n Norte.<\/p>\n<p>&nbsp;<\/p>\n<p dir=\"ltr\">Antofagasta de la Sierra, Fiambal\u00e1, Tinogasta, Capital, Fray Mamerto Esqui\u00fa, Valle Viejo, El Rodeo, Las Juntas, La Puerta, Los Varela, Andalgal\u00e1, Aconquija, Los Altos y Pom\u00e1n, ser\u00e1n los destinos que promocionar\u00e1n durante los cuatro d\u00edas sus atractivos tur\u00edsticos y culturales; la Ruta del Telar y el Paso de San Francisco tambi\u00e9n tendr\u00e1n un espacio de promoci\u00f3n.<\/p>\n<p>&nbsp;<\/p>\n<p dir=\"ltr\">Tambi\u00e9n participar\u00e1n las agencias de la provincia: Jumeal Viajes, Agencia Norali Aventura, Puna Travel Viajes y Turismo, Huayra Mosoq, Pachita Viajes y Turismo, Turez Travel, Famayfil viajes y turismo, Catamarca\u00a0 aventura viajes y turismo, Kullay viajes, Yokavil turismo, Caminos del Pasado, la Asociaci\u00f3n de Hoteles, Bares, Confiter\u00edas, Restaurantes y afines de Catamarca, UTHGRA y estudiantes de las carreras de turismo de los IES FASTA, y Prof. Juan Manuel Chavarria, Sebasti\u00e1n A. Corpacci, y de Andalgal\u00e1, Tinogasta, Santa Mar\u00eda y Bel\u00e9n.<\/p>\n<p>&nbsp;<\/p>\n<p dir=\"ltr\">El fin de semana el stand que estar\u00e1 coordinado por la Secretar\u00eda de Gesti\u00f3n Tur\u00edstica, recibir\u00e1 al p\u00fablico general con atracciones, juegos interactivos, degustaciones de vinos catamarque\u00f1os, experiencias gastron\u00f3micas y sorteos; adem\u00e1s habr\u00e1 un espacio para show gastron\u00f3mico, y karaoke.<\/p>\n<p>&nbsp;<\/p>\n<p dir=\"ltr\">La ministra de Cultura, Turismo y Deporte de la provincia, Daiana Rold\u00e1n, participar\u00e1 en un panel de mujeres l\u00edderes del turismo del evento de FEMTUR, una red que impulsa nuevas miradas y consolida al turismo como una verdadera pol\u00edtica de transformaci\u00f3n. Ese panel est\u00e1 previsto para el s\u00e1bado 27 a las 16 hs en la Feria Internacional de Turismo (FIT), en el Auditorio Principal de La Rural.<\/p>\n<p dir=\"ltr\">El s\u00e1bado 27 a las 18hs en el auditorio CFT B Sal\u00f3n Ceibo se presentar\u00e1 la Ruta del Telar y el domingo 28 a las 16:30 en el stand de Turismo de la Naci\u00f3n la propuesta de Astroturismo en Catamarca Capital.\u00a0 Ese mismo d\u00eda a las 18.30 hs el m\u00fasico Agust\u00edn Isasmendi estar\u00e1 en el escenario externo &#8220;Eleg\u00ed Argentina&#8221; de Fiestas Argentinas, tras haber participado en el certamen televisivo de canto &#8220;La Voz&#8221;.<\/p>\n<p dir=\"ltr\">\n<p dir=\"ltr\">El lunes y martes el espacio de Catamarca recibir\u00e1 a los operadores tur\u00edsticos, y durante esos dos d\u00edas, el sector p\u00fablico y privado de Catamarca estar\u00e1n manteniendo reuniones y rondas de negocio para promover el destino y sus distintos productos y servicios.<\/p>\n<p dir=\"ltr\">\n<p dir=\"ltr\">El lunes 29 de septiembre a las 15, se presentar\u00e1n las experiencias tur\u00edsticas &#8220;Sent\u00ed Yokavil&#8221; y &#8220;Tinogasta tierra de sensaciones&#8221;, que forman parte de la iniciativa &#8220;Catamarca sensorial&#8221;, impulsada por la Secretar\u00eda de Gesti\u00f3n Tur\u00edstica.<\/p>\n<p dir=\"ltr\">\n<p dir=\"ltr\">Catamarca presentar\u00e1 su oferta tur\u00edstica en la Feria Internacional de Turismo<\/p>\n<p dir=\"ltr\">\n<p dir=\"ltr\">Catamarca se prepara para desembarcar con toda su oferta tur\u00edstica en la Feria Internacional de Turismo de Am\u00e9rica Latina (FIT), que se realizar\u00e1 del 27 al 30 de septiembre en el Predio de La Rural, en la Ciudad de Buenos Aires. Durante los cuatro d\u00edas se promocionar\u00e1n los destinos de la provincia con m\u00fasica, gastronom\u00eda y juegos interactivos en el stand 1320, que tendr\u00e1 el Ministerio de Cultura, Turismo y Deporte junto a las provincias de la regi\u00f3n Norte.<\/p>\n<p dir=\"ltr\">\n<p dir=\"ltr\">Antofagasta de la Sierra, Fiambal\u00e1, Tinogasta, Capital, Fray Mamerto Esqui\u00fa, Valle Viejo, El Rodeo, Las Juntas, La Puerta, Los Varela, Andalgal\u00e1, Aconquija, Los Altos y Pom\u00e1n, ser\u00e1n los destinos que promocionar\u00e1n durante los cuatro d\u00edas sus atractivos tur\u00edsticos y culturales; la Ruta del Telar y el Paso de San Francisco tambi\u00e9n tendr\u00e1n un espacio de promoci\u00f3n.<\/p>\n<p dir=\"ltr\">\n<p dir=\"ltr\">Tambi\u00e9n participar\u00e1n las agencias de la provincia: Jumeal Viajes, Agencia Norali Aventura, Puna Travel Viajes y Turismo, Huayra Mosoq, Pachita Viajes y Turismo, Turez Travel, Famayfil viajes y turismo, Catamarca\u00a0 aventura viajes y turismo, Kullay viajes, Yokavil turismo, Caminos del Pasado, la Asociaci\u00f3n de Hoteles, Bares, Confiter\u00edas, Restaurantes y afines de Catamarca, UTHGRA y estudiantes de las carreras de turismo de los IES FASTA, y Prof. Juan Manuel Chavarria, Sebasti\u00e1n A. Corpacci, y de Andalgal\u00e1, Tinogasta, Santa Mar\u00eda y Bel\u00e9n.<\/p>\n<p dir=\"ltr\">\n<p dir=\"ltr\">El fin de semana el stand que estar\u00e1 coordinado por la Secretar\u00eda de Gesti\u00f3n Tur\u00edstica, recibir\u00e1 al p\u00fablico general con atracciones, juegos interactivos, degustaciones de vinos catamarque\u00f1os, experiencias gastron\u00f3micas y sorteos; adem\u00e1s habr\u00e1 un espacio para show gastron\u00f3mico, y karaoke.<\/p>\n<p dir=\"ltr\">\n<p dir=\"ltr\">La ministra de Cultura, Turismo y Deporte de la provincia, Daiana Rold\u00e1n, participar\u00e1 en un panel de mujeres l\u00edderes del turismo del evento de FEMTUR, una red que impulsa nuevas miradas y consolida al turismo como una verdadera pol\u00edtica de transformaci\u00f3n. Ese panel est\u00e1 previsto para el s\u00e1bado 27 a las 16 hs en la Feria Internacional de Turismo (FIT), en el Auditorio Principal de La Rural.<\/p>\n<p dir=\"ltr\">\n<p dir=\"ltr\">El s\u00e1bado 27 a las 18hs en el auditorio CFT B Sal\u00f3n Ceibo se presentar\u00e1 la Ruta del Telar y el domingo 28 a las 16:30 en el stand de Turismo de la Naci\u00f3n la propuesta de Astroturismo en Catamarca Capital.\u00a0 Ese mismo d\u00eda a las 18.30 hs el m\u00fasico Agust\u00edn Isasmendi estar\u00e1 en el escenario externo &#8220;Eleg\u00ed Argentina&#8221; de Fiestas Argentinas, tras haber participado en el certamen televisivo de canto &#8220;La Voz&#8221;.<\/p>\n<p dir=\"ltr\">\n<p dir=\"ltr\">El lunes y martes el espacio de Catamarca recibir\u00e1 a los operadores tur\u00edsticos, y durante esos dos d\u00edas, el sector p\u00fablico y privado de Catamarca estar\u00e1n manteniendo reuniones y rondas de negocio para promover el destino y sus distintos productos y servicios.<\/p>\n<p dir=\"ltr\">\n<p dir=\"ltr\">El lunes 29 de septiembre a las 15, se presentar\u00e1n las experiencias tur\u00edsticas &#8220;Sent\u00ed Yokavil&#8221; y &#8220;Tinogasta tierra de sensaciones&#8221;, que forman parte de la iniciativa &#8220;Catamarca sensorial&#8221;, impulsada por la Secretar\u00eda de Gesti\u00f3n Tur\u00edstica.<\/p>\n<p dir=\"ltr\">\n<p dir=\"ltr\"><span style=\"font-size: large;\">Programa<\/span><\/p>\n<p dir=\"ltr\">\n<p dir=\"ltr\">S\u00e1bado 27 de septiembre &#8211; Horario: de 14 a 21 hs<\/p>\n<p dir=\"ltr\">\n<p dir=\"ltr\">12:00 Acto Inaugural<\/p>\n<p dir=\"ltr\">14:00 Ingreso al P\u00fablico en general<\/p>\n<p dir=\"ltr\">14:30 Apertura de Stand<\/p>\n<p dir=\"ltr\">15.30 Espacio Gastron\u00f3mico Norte Argentino &#8211; Presentaci\u00f3n Estofado de Pelones<\/p>\n<p dir=\"ltr\">16:00 Activaci\u00f3n l\u00fadica<\/p>\n<p dir=\"ltr\">16:00 Presentaci\u00f3n de la ministra de Cultura, Turismo y Deporte de la provincia, Daiana Rold\u00e1n en el FEMTUR &#8211; Auditorio Principal de La Rural.<\/p>\n<p dir=\"ltr\">17:00 Degustaci\u00f3n &#8220;Sabores Catamarque\u00f1os&#8221;<\/p>\n<p dir=\"ltr\">18:00 Espacio Bodegas y Vinos de Norte &#8211; Stand N\u00b0 1320<\/p>\n<p dir=\"ltr\">18:00 Auditorio CFT \u2013 Sal\u00f3n Ceibo: Presentaci\u00f3n Ruta del Telar<\/p>\n<p dir=\"ltr\">19:00 Activaci\u00f3n l\u00fadica<\/p>\n<p dir=\"ltr\">19:30 Degustaci\u00f3n &#8220;Sabores Catamarque\u00f1os&#8221;<\/p>\n<p dir=\"ltr\">21:00 Cierre de jornada<\/p>\n<p dir=\"ltr\">\n<p dir=\"ltr\">Domingo 28 de septiembre &#8211; Horario: de 14 a 21 hs<\/p>\n<p dir=\"ltr\">14:00 Apertura de stand al p\u00fablico<\/p>\n<p dir=\"ltr\">15:00 Activaci\u00f3n l\u00fadica<\/p>\n<p dir=\"ltr\">15:30 Espacio Gastron\u00f3mico Norte Argentino &#8211; Presentaci\u00f3n Jigote catamarque\u00f1o<\/p>\n<p dir=\"ltr\">16:30 Presentaci\u00f3n de Astroturismo en Catamarca -Stand N\u00b0 1110 Turismo Naci\u00f3n<\/p>\n<p dir=\"ltr\">17:00 Espacio Bodegas y Vinos de Norte &#8211; Stand N\u00b0 1320<\/p>\n<p dir=\"ltr\">17:00 Activaci\u00f3n l\u00fadica \u2013 Stand Catamarca<\/p>\n<p dir=\"ltr\">17:30 Degustaci\u00f3n &#8220;Sabores Catamarque\u00f1os&#8221; \u2013 Stand Catamarca<\/p>\n<p dir=\"ltr\">18:30 Escenario Externo &#8220;Eleg\u00ed Argentina&#8221; actuaci\u00f3n de Agust\u00edn Isasmendi<\/p>\n<p dir=\"ltr\">19:00 Activaci\u00f3n l\u00fadica<\/p>\n<p dir=\"ltr\">19:30 Degustaci\u00f3n &#8220;Sabores Catamarque\u00f1os&#8221;<\/p>\n<p dir=\"ltr\">21:00 Cierre de jornada<\/p>\n<p dir=\"ltr\">Lunes 30 de septiembre &#8211; Horario: de 10 a 19 hs<\/p>\n<p dir=\"ltr\">\n<p dir=\"ltr\">10:00 Apertura de stand<\/p>\n<p dir=\"ltr\">11:00\u201318:00 Rondas de Negocios \u2013 Pabell\u00f3n Rojo. Participan 11 agencias de Catamarca<\/p>\n<p dir=\"ltr\">11:30 Activaci\u00f3n l\u00fadica<\/p>\n<p dir=\"ltr\">12:00 Degustaci\u00f3n &#8220;Sabores Catamarque\u00f1os&#8221;<\/p>\n<p dir=\"ltr\">15:00 Auditorio CFT B \u2013 Sal\u00f3n Ceibo: Presentaci\u00f3n &#8220;Catamarca Sensorial&#8221;<\/p>\n<p dir=\"ltr\">16:00 Espacio Gustar: Masterclass y degustaci\u00f3n (UTHGRA y Gin Graci\u00e1n)<\/p>\n<p dir=\"ltr\">17.00 \u00a0 Presentaci\u00f3n de Santa Mar\u00eda &#8211;\u00a0 Sent\u00ed Yokavil Espacio Gastron\u00f3mico Norte Argentino &#8211; Stand N\u00b0 1320<\/p>\n<p dir=\"ltr\">17:30 \u00a0 Espacio Bodegas y Vinos de Norte &#8211; Stand N\u00b0 1320<\/p>\n<p dir=\"ltr\">18:00 Activaci\u00f3n l\u00fadica \u2013 Stand Catamarca<\/p>\n<p dir=\"ltr\">19:00 Cierre de jornada<\/p>\n<p dir=\"ltr\">Martes 30 de septiembre &#8211; Horario: de 10 a 19 hs<\/p>\n<p dir=\"ltr\">\n<p dir=\"ltr\">10:00 Apertura de stand<\/p>\n<p dir=\"ltr\">11:00\u201318:00 Rondas de Negocios \u2013 Pabell\u00f3n Rojo. Participan 11 agencias de Catamarca<\/p>\n<p dir=\"ltr\">12:00 Activaci\u00f3n l\u00fadica \u2013 Stand Catamarca<\/p>\n<p dir=\"ltr\">15:00 Degustaci\u00f3n &#8220;Sabores Catamarque\u00f1os&#8221; \u2013 Stand Catamarca<\/p>\n<p dir=\"ltr\">16:00 Activaci\u00f3n l\u00fadica \u2013 Stand Catamarca<\/p>\n<p dir=\"ltr\">19:00 Cierre de la feria<\/p>\n","protected":false},"excerpt":{"rendered":"<p>Catamarca se prepara para desembarcar con toda su oferta tur\u00edstica en la Feria Internacional de Turismo de Am\u00e9rica Latina (FIT), que se realizar\u00e1 del 27 al 30 de septiembre en el Predio de La Rural, en la Ciudad de Buenos Aires. Durante los cuatro d\u00edas se promocionar\u00e1n los destinos de la provincia con m\u00fasica, gastronom\u00eda [&hellip;]<\/p>\n","protected":false},"author":2,"featured_media":4517,"comment_status":"open","ping_status":"open","sticky":false,"template":"","format":"standard","meta":{"footnotes":""},"categories":[20],"tags":[],"class_list":{"0":"post-4516","1":"post","2":"type-post","3":"status-publish","4":"format-standard","5":"has-post-thumbnail","7":"category-sociedad"},"aioseo_notices":[],"_links":{"self":[{"href":"https:\/\/elfaroonline.com.ar\/index.php\/wp-json\/wp\/v2\/posts\/4516","targetHints":{"allow":["GET"]}}],"collection":[{"href":"https:\/\/elfaroonline.com.ar\/index.php\/wp-json\/wp\/v2\/posts"}],"about":[{"href":"https:\/\/elfaroonline.com.ar\/index.php\/wp-json\/wp\/v2\/types\/post"}],"author":[{"embeddable":true,"href":"https:\/\/elfaroonline.com.ar\/index.php\/wp-json\/wp\/v2\/users\/2"}],"replies":[{"embeddable":true,"href":"https:\/\/elfaroonline.com.ar\/index.php\/wp-json\/wp\/v2\/comments?post=4516"}],"version-history":[{"count":1,"href":"https:\/\/elfaroonline.com.ar\/index.php\/wp-json\/wp\/v2\/posts\/4516\/revisions"}],"predecessor-version":[{"id":4518,"href":"https:\/\/elfaroonline.com.ar\/index.php\/wp-json\/wp\/v2\/posts\/4516\/revisions\/4518"}],"wp:featuredmedia":[{"embeddable":true,"href":"https:\/\/elfaroonline.com.ar\/index.php\/wp-json\/wp\/v2\/media\/4517"}],"wp:attachment":[{"href":"https:\/\/elfaroonline.com.ar\/index.php\/wp-json\/wp\/v2\/media?parent=4516"}],"wp:term":[{"taxonomy":"category","embeddable":true,"href":"https:\/\/elfaroonline.com.ar\/index.php\/wp-json\/wp\/v2\/categories?post=4516"},{"taxonomy":"post_tag","embeddable":true,"href":"https:\/\/elfaroonline.com.ar\/index.php\/wp-json\/wp\/v2\/tags?post=4516"}],"curies":[{"name":"wp","href":"https:\/\/api.w.org\/{rel}","templated":true}]}}