{"id":4519,"date":"2025-09-20T18:00:20","date_gmt":"2025-09-20T21:00:20","guid":{"rendered":"https:\/\/elfaroonline.com.ar\/?p=4519"},"modified":"2025-09-20T18:00:20","modified_gmt":"2025-09-20T21:00:20","slug":"a-traves-de-un-plan-de-inclusion-financiera-se-evalua-la-incorporacion-de-becados-provinciales-al-marcaton","status":"publish","type":"post","link":"https:\/\/elfaroonline.com.ar\/index.php\/2025\/09\/20\/a-traves-de-un-plan-de-inclusion-financiera-se-evalua-la-incorporacion-de-becados-provinciales-al-marcaton\/","title":{"rendered":"A trav\u00e9s de un Plan de Inclusi\u00f3n Financiera, se eval\u00faa la incorporaci\u00f3n de becados provinciales al Marcat\u00f3n"},"content":{"rendered":"<div dir=\"ltr\">\n<div dir=\"ltr\">\n<div dir=\"ltr\">\n<p class=\"v1MsoNormal\">El Programa &#8220;Marcat\u00f3n&#8221; sigue consolid\u00e1ndose en Catamarca y durante la reuni\u00f3n entre autoridades del Gobierno provincial, la Federaci\u00f3n Econ\u00f3mica Catamarca y el Banco Naci\u00f3n, se evalu\u00f3 la posible implementaci\u00f3n de un Plan de Inclusi\u00f3n Financiera para incorporar a 5.000 becados a tarjetas de cr\u00e9ditos y que puedan hacer uso del beneficio.<\/p>\n<p class=\"v1MsoNormal\">Esta medida tiene como objetivo que m\u00e1s catamarque\u00f1os, en este caso, los destinatarios de becas provinciales puedan acceder a los beneficios que ofrece el Marcat\u00f3n para compra de alimentos, indumentaria, materiales, entre otros productos.<\/p>\n<p class=\"v1MsoNormal\">&#8220;En la reuni\u00f3n con el Banco Naci\u00f3n tratamos un plan de inclusi\u00f3n financiera para sumar a los becados de la provincia al Marcat\u00f3n a trav\u00e9s de tarjetas de cr\u00e9dito que les ser\u00e1n espec\u00edficamente otorgadas&#8221;, explic\u00f3 Virginia Jerez, secretaria de Finanzas de la Provincia.<\/p>\n<p class=\"v1MsoNormal\">Desde su lanzamiento, el Marcat\u00f3n ha reactivado el consumo y dinamizado la actividad comercial local, ofreciendo descuentos y promociones significativos para los catamarque\u00f1os. Las autoridades anticiparon que continuar\u00e1n los esfuerzos para que cada vez m\u00e1s familias puedan formar parte del programa.<\/p>\n<p class=\"v1MsoNormal\"><b>M\u00e1s de 15.000 tarjetas ya disponibles<\/b><\/p>\n<p class=\"v1MsoNormal\">Desde el Banco Naci\u00f3n explicaron que actualmente existen 15.000 tarjetas del Banco Naci\u00f3n habilitadas en la billetera virtual BNA+, listas para ser activadas con solo tocar la campanita de la aplicaci\u00f3n. &#8220;Muchas personas son reticentes al uso de la tarjeta de cr\u00e9dito, pero hoy es una herramienta financiera clave&#8221;, aseguraron desde la entidad financiera e instaron a los ciudadanos a habilitar para poder disfrutar de los beneficios del Marcat\u00f3n.<\/p>\n<p class=\"v1MsoNormal\">Por \u00faltimo, se record\u00f3 que los l\u00edmites de consumo se multiplican cuando un titular suma tarjetas adicionales para familiares, ya que el margen de reintegro de las promociones se calcula por cada CUIL asociados a cajas de ahorro en BNA.<\/p>\n<p class=\"v1MsoNormal\">\n<p class=\"v1MsoNormal\">El Marcat\u00f3n fue lanzado en mayo de 2025 como una herramienta para estimular el consumo y dinamizar la econom\u00eda local, ofrece descuentos de hasta el 30% en comercios adheridos y cuotas sin inter\u00e9s en diversos rubros comerciales. Para conocer todas las promociones ingres\u00e1 a <a href=\"https:\/\/marcaton.catamarca.gob.ar\/\" target=\"_blank\" rel=\"noopener noreferrer\">https:\/\/marcaton.catamarca.gob.ar\/<\/a><\/p>\n<\/div>\n<\/div>\n<\/div>\n","protected":false},"excerpt":{"rendered":"<p>El Programa &#8220;Marcat\u00f3n&#8221; sigue consolid\u00e1ndose en Catamarca y durante la reuni\u00f3n entre autoridades del Gobierno provincial, la Federaci\u00f3n Econ\u00f3mica Catamarca y el Banco Naci\u00f3n, se evalu\u00f3 la posible implementaci\u00f3n de un Plan de Inclusi\u00f3n Financiera para incorporar a 5.000 becados a tarjetas de cr\u00e9ditos y que puedan hacer uso del beneficio. Esta medida tiene como [&hellip;]<\/p>\n","protected":false},"author":2,"featured_media":4520,"comment_status":"open","ping_status":"open","sticky":false,"template":"","format":"standard","meta":{"footnotes":""},"categories":[20],"tags":[],"class_list":{"0":"post-4519","1":"post","2":"type-post","3":"status-publish","4":"format-standard","5":"has-post-thumbnail","7":"category-sociedad"},"aioseo_notices":[],"_links":{"self":[{"href":"https:\/\/elfaroonline.com.ar\/index.php\/wp-json\/wp\/v2\/posts\/4519","targetHints":{"allow":["GET"]}}],"collection":[{"href":"https:\/\/elfaroonline.com.ar\/index.php\/wp-json\/wp\/v2\/posts"}],"about":[{"href":"https:\/\/elfaroonline.com.ar\/index.php\/wp-json\/wp\/v2\/types\/post"}],"author":[{"embeddable":true,"href":"https:\/\/elfaroonline.com.ar\/index.php\/wp-json\/wp\/v2\/users\/2"}],"replies":[{"embeddable":true,"href":"https:\/\/elfaroonline.com.ar\/index.php\/wp-json\/wp\/v2\/comments?post=4519"}],"version-history":[{"count":1,"href":"https:\/\/elfaroonline.com.ar\/index.php\/wp-json\/wp\/v2\/posts\/4519\/revisions"}],"predecessor-version":[{"id":4521,"href":"https:\/\/elfaroonline.com.ar\/index.php\/wp-json\/wp\/v2\/posts\/4519\/revisions\/4521"}],"wp:featuredmedia":[{"embeddable":true,"href":"https:\/\/elfaroonline.com.ar\/index.php\/wp-json\/wp\/v2\/media\/4520"}],"wp:attachment":[{"href":"https:\/\/elfaroonline.com.ar\/index.php\/wp-json\/wp\/v2\/media?parent=4519"}],"wp:term":[{"taxonomy":"category","embeddable":true,"href":"https:\/\/elfaroonline.com.ar\/index.php\/wp-json\/wp\/v2\/categories?post=4519"},{"taxonomy":"post_tag","embeddable":true,"href":"https:\/\/elfaroonline.com.ar\/index.php\/wp-json\/wp\/v2\/tags?post=4519"}],"curies":[{"name":"wp","href":"https:\/\/api.w.org\/{rel}","templated":true}]}}