{"id":452,"date":"2024-05-04T16:43:24","date_gmt":"2024-05-04T19:43:24","guid":{"rendered":"https:\/\/elfaroonline.com.ar\/?p=452"},"modified":"2024-05-04T16:43:24","modified_gmt":"2024-05-04T19:43:24","slug":"la-provincia-renueva-convenio-con-novartis-para-optimizar-tratamiento-cardiovascular","status":"publish","type":"post","link":"https:\/\/elfaroonline.com.ar\/index.php\/2024\/05\/04\/la-provincia-renueva-convenio-con-novartis-para-optimizar-tratamiento-cardiovascular\/","title":{"rendered":"La Provincia renueva convenio con Novartis para optimizar tratamiento Cardiovascular"},"content":{"rendered":"<p class=\"v1MsoNormal\">Continuando con el fortalecimiento del Programa de Salud Cardiovascular (PSCV), se firm\u00f3 el acuerdo de cooperaci\u00f3n entre el Gobierno de la Provincia y la empresa Novartis Argentina S.A. para la prevenci\u00f3n de salud cardiovascular, que contempla la articulaci\u00f3n y cooperaci\u00f3n de ambas partes en la b\u00fasqueda de acciones orientadas a co-crear iniciativas que tengan impacto positivo en la salud cardiovascular de la poblaci\u00f3n de Catamarca.<\/p>\n<p class=\"v1MsoNormal\">El acto cont\u00f3 con la presencia del gobernador Ra\u00fal Jalil, el vicegobernador Rub\u00e9n Dusso y el ministro de Salud, Lucas Zampieri. La renovaci\u00f3n de este acuerdo permite avanzar con la implementaci\u00f3n del PSCV (Programa de Salud Cardiovascular), con el objetivo de lograr mejoras en la prevenci\u00f3n, promoci\u00f3n y tratamiento de las enfermedades cardiovasculares.<\/p>\n<p class=\"v1MsoNormal\">Actualmente, las enfermedades cardiovasculares son la principal causa de muerte a nivel mundial con alrededor de 17 millones de defunciones anuales, lo que supone el 31% de las muertes a nivel mundial.<\/p>\n<p class=\"v1MsoNormal\">La gravedad de esta problem\u00e1tica de salud llev\u00f3 a que la provincia trabaje en conjunto con Novartis. La directora m\u00e9dica de Novartis, <b>Eugenia Esquirro<\/b>, se\u00f1al\u00f3 en este sentido que &#8220;Catamarca es la primera provincia en toda Latinoam\u00e9rica en firmar un acuerdo de estas caracter\u00edsticas. Es un orgullo para nosotros firmar este acuerdo p\u00fablico-privado, porque nosotros nos focalizamos en la importancia de la salud cardiovascular en todo el pa\u00eds&#8221;.<\/p>\n<p class=\"v1MsoNormal\">Esquirro explic\u00f3 que &#8220;nosotros trabajamos con una mol\u00e9cula que tiene un importante y marcado descenso en las part\u00edculas de colesterol que circulan por la sangre. Como todos sabemos, el colesterol puede generar patolog\u00edas cardiovasculares como el Infarto Agudo de Miocardio o el Accidente Cerebro Vascular, pero al permitir el descenso de las part\u00edculas de colesterol, que nosotros llamamos colesterol malo, evita que estas patolog\u00edas ocurran&#8221;.<\/p>\n<p class=\"v1MsoNormal\">El PSCV se enfoca en la prevenci\u00f3n, diagn\u00f3stico y tratamiento de las enfermedades cardiovasculares y sus factores de riesgo, para lo que se incluyeron 3 estrategias de cuidado: 1) Prevenci\u00f3n, Control y Capacitaci\u00f3n en las Patolog\u00edas Cardiovasculares, 2) Infarto Agudo de Miocardio (IAM) y 3) Terap\u00e9uticas.<\/p>\n<p class=\"v1MsoNormal\">Dentro del Programa se llevan a cabo diferentes capacitaciones a trav\u00e9s de Novartis, y en este sentido 30 m\u00e9dicos de la provincia ser\u00e1n capacitados junto al doctor Gustavo Giunta, referente de la Fundaci\u00f3n Favaloro.<\/p>\n<p class=\"v1MsoNormal\">Posterior a la firma de las autoridades, se desarroll\u00f3 la mesa de trabajo y capacitaci\u00f3n &#8220;Una nueva era en la C-LDL&#8221; que cont\u00f3 con la presencia de distintos profesionales catamarque\u00f1os.<\/p>\n","protected":false},"excerpt":{"rendered":"<p>Continuando con el fortalecimiento del Programa de Salud Cardiovascular (PSCV), se firm\u00f3 el acuerdo de cooperaci\u00f3n entre el Gobierno de la Provincia y la empresa Novartis Argentina S.A. para la prevenci\u00f3n de salud cardiovascular, que contempla la articulaci\u00f3n y cooperaci\u00f3n de ambas partes en la b\u00fasqueda de acciones orientadas a co-crear iniciativas que tengan impacto [&hellip;]<\/p>\n","protected":false},"author":2,"featured_media":453,"comment_status":"open","ping_status":"open","sticky":false,"template":"","format":"standard","meta":{"footnotes":""},"categories":[23,21],"tags":[],"class_list":{"0":"post-452","1":"post","2":"type-post","3":"status-publish","4":"format-standard","5":"has-post-thumbnail","7":"category-destacados","8":"category-politica"},"aioseo_notices":[],"_links":{"self":[{"href":"https:\/\/elfaroonline.com.ar\/index.php\/wp-json\/wp\/v2\/posts\/452","targetHints":{"allow":["GET"]}}],"collection":[{"href":"https:\/\/elfaroonline.com.ar\/index.php\/wp-json\/wp\/v2\/posts"}],"about":[{"href":"https:\/\/elfaroonline.com.ar\/index.php\/wp-json\/wp\/v2\/types\/post"}],"author":[{"embeddable":true,"href":"https:\/\/elfaroonline.com.ar\/index.php\/wp-json\/wp\/v2\/users\/2"}],"replies":[{"embeddable":true,"href":"https:\/\/elfaroonline.com.ar\/index.php\/wp-json\/wp\/v2\/comments?post=452"}],"version-history":[{"count":1,"href":"https:\/\/elfaroonline.com.ar\/index.php\/wp-json\/wp\/v2\/posts\/452\/revisions"}],"predecessor-version":[{"id":454,"href":"https:\/\/elfaroonline.com.ar\/index.php\/wp-json\/wp\/v2\/posts\/452\/revisions\/454"}],"wp:featuredmedia":[{"embeddable":true,"href":"https:\/\/elfaroonline.com.ar\/index.php\/wp-json\/wp\/v2\/media\/453"}],"wp:attachment":[{"href":"https:\/\/elfaroonline.com.ar\/index.php\/wp-json\/wp\/v2\/media?parent=452"}],"wp:term":[{"taxonomy":"category","embeddable":true,"href":"https:\/\/elfaroonline.com.ar\/index.php\/wp-json\/wp\/v2\/categories?post=452"},{"taxonomy":"post_tag","embeddable":true,"href":"https:\/\/elfaroonline.com.ar\/index.php\/wp-json\/wp\/v2\/tags?post=452"}],"curies":[{"name":"wp","href":"https:\/\/api.w.org\/{rel}","templated":true}]}}