{"id":455,"date":"2024-05-04T16:46:15","date_gmt":"2024-05-04T19:46:15","guid":{"rendered":"https:\/\/elfaroonline.com.ar\/?p=455"},"modified":"2024-05-04T16:46:15","modified_gmt":"2024-05-04T19:46:15","slug":"poncho-2024-convocatoria-abierta-para-artesanos-disenadores-y-artistas","status":"publish","type":"post","link":"https:\/\/elfaroonline.com.ar\/index.php\/2024\/05\/04\/poncho-2024-convocatoria-abierta-para-artesanos-disenadores-y-artistas\/","title":{"rendered":"Poncho 2024: Convocatoria abierta para artesanos, dise\u00f1adores y artistas"},"content":{"rendered":"<p class=\"v1MsoNormal\">La organizaci\u00f3n de la 53\u00ba Fiesta Nacional e Internacional del Poncho, a cargo del Ministerio de Cultura, Turismo y Deporte de Catamarca, abri\u00f3 la convocatoria p\u00fablica para artesanos, dise\u00f1adores, productores, manualistas y artistas interesados en formar parte de los distintos espacios y escenarios que tendr\u00e1 la fiesta, programada del 12 al 21 de julio en el Predio Ferial Catamarca.<\/p>\n<p class=\"v1MsoNormal\">Este a\u00f1o, la Fiesta del Poncho mantendr\u00e1 sus espacios ya consolidados, con los pabellones destinados a la exposici\u00f3n artesanal, los destinados a vinos, confituras y productos regionales, el Sal\u00f3n del Poncho Dise\u00f1o y los tres grandes escenarios que tiene la fiesta: el Escenario Mayor, el Patio de las Provincias y el incluido en el Pabell\u00f3n de Turismo.<\/p>\n<p class=\"v1MsoNormal\">El Pabell\u00f3n de Turismo seguir\u00e1 mostrando la oferta tur\u00edstica de la provincia, organizada por regiones tur\u00edsticas, y la gastronom\u00eda estar\u00e1 distribuida en ranchos y espacios gastron\u00f3micos, food trucks y el patio cervecero.<\/p>\n<p class=\"v1MsoNormal\">Una vez m\u00e1s, en un esfuerzo que asume el Gobierno Provincial, <b>los stands para artesanos catamarque\u00f1os ser\u00e1n gratuitos<\/b>, pero la participaci\u00f3n depender\u00e1 de que pasen el proceso de fiscalizaci\u00f3n y selecci\u00f3n. Todos, sin excepci\u00f3n, deben realizar la postulaci\u00f3n a trav\u00e9s de la plataforma de inscripci\u00f3n dispuesta a tal fin.<\/p>\n<p class=\"v1MsoNormal\">La plataforma de inscripci\u00f3n fue desarrollada por la Secretar\u00eda de Modernizaci\u00f3n de la Provincia, siguiendo est\u00e1ndares de programaci\u00f3n que permiten una carga simple y segura por parte de los interesados y que, al mismo tiempo, facilita las instancias de an\u00e1lisis y selecci\u00f3n de los postulantes.<\/p>\n<p class=\"v1MsoNormal\">\n<p class=\"v1MsoNormal\"><b>Artesan\u00edas, manualidades y productos<\/b><\/p>\n<p class=\"v1MsoNormal\">Hasta el 17 de mayo pueden postular artesanos, manualistas y productores de Catamarca, otras provincias y otros pa\u00edses para ser parte de los salones de exposici\u00f3n y venta de la 53\u00ba Fiesta del Poncho que se desarrollar\u00e1 del 12 al 21 de julio.<\/p>\n<p class=\"v1MsoNormal\">Se admitir\u00e1 exclusivamente la exposici\u00f3n de productos calificados como artesan\u00edas, manualidades y productos regionales, con el requisito de la calidad y creatividad de las piezas presentadas.<\/p>\n<p class=\"v1MsoNormal\">Es requisito para postular leer y aceptar el reglamento de participaci\u00f3n que est\u00e1 integrado a la plataforma y completar todos los datos requeridos.<\/p>\n<p class=\"v1MsoNormal\">Link de inscripci\u00f3n: <a href=\"https:\/\/turismo.catamarca.gob.ar\/convocatorias-poncho\/\" target=\"_blank\" rel=\"noopener noreferrer\">https:\/\/turismo.catamarca.gob.ar\/convocatorias-poncho\/<\/a><\/p>\n<p class=\"v1MsoNormal\">Por dudas o consultas: <a href=\"mailto:fiestadelponcho@catamarca.gov.ar\" rel=\"noreferrer\">fiestadelponcho@catamarca.gov.ar<\/a>Asunto: Feria Artesanal<\/p>\n<p class=\"v1MsoNormal\"><b>\u00a0<\/b><\/p>\n<p class=\"v1MsoNormal\"><b>Poncho Dise\u00f1o<\/b><\/p>\n<p class=\"v1MsoNormal\">El 8\u00ba Sal\u00f3n del Poncho Dise\u00f1o se llevar\u00e1 a cabo en coincidencia con la Fiesta del Poncho y convoca a dise\u00f1adores catamarque\u00f1os o residentes en la provincia a postular con su marca o emprendimiento para ser parte del proceso de selecci\u00f3n de este sal\u00f3n que tendr\u00e1 34 espacios de exposici\u00f3n.<\/p>\n<p class=\"v1MsoNormal\">Los rubros en los que se puede participar son calzado y marroquiner\u00eda, textil, objetos \u2013 decoraci\u00f3n, artes visuales, accesorios &#8211; bijouterie \u2013 joyer\u00eda, indumentaria y, como ya es un cl\u00e1sico, este sal\u00f3n se destaca por proponer una mirada innovadora y exclusiva sobre el dise\u00f1o.<\/p>\n<p class=\"v1MsoNormal\">Hasta el 17 de mayo podr\u00e1n postular los interesados en formar parte del Poncho Dise\u00f1o.<\/p>\n<p class=\"v1MsoNormal\">Link de inscripci\u00f3n: se puede consultar en <a href=\"https:\/\/turismo.catamarca.gob.ar\/convocatorias-poncho\/\" target=\"_blank\" rel=\"noopener noreferrer\">https:\/\/turismo.catamarca.gob.ar\/convocatorias-poncho\/<\/a><\/p>\n<p class=\"v1MsoNormal\">Por dudas o consultas: <a href=\"mailto:fiestadelponcho@catamarca.gov.ar\" rel=\"noreferrer\">fiestadelponcho@catamarca.gov.ar<\/a>\u00a0 Asunto: Poncho Dise\u00f1o<\/p>\n<p class=\"v1MsoNormal\"><b>\u00a0<\/b><\/p>\n<p class=\"v1MsoNormal\"><b>Escenarios<\/b><\/p>\n<p class=\"v1MsoNormal\">A trav\u00e9s de una convocatoria \u00fanica se seleccionar\u00e1n las propuestas art\u00edsticas de los tres escenarios principales de la fiesta: Escenario Mayor, Patio de las Provincias y el escenario del Pabell\u00f3n de Turismo.<\/p>\n<p class=\"v1MsoNormal\">La convocatoria est\u00e1 abierta para artistas de Catamarca o residentes en la provincia de los rubros m\u00fasica, danza, humor y stand up y podr\u00e1n realizar la inscripci\u00f3n hasta el d\u00eda 17 de mayo.<\/p>\n<p class=\"v1MsoNormal\">Cada escenario presentar\u00e1 expresiones art\u00edsticas acordes a su enfoque tem\u00e1tico: el Escenario Mayor se centrar\u00e1 en m\u00fasica de ra\u00edces folcl\u00f3ricas argentinas, el Patio de las Provincias y el Pabell\u00f3n de Turismo, abarcar\u00e1n una diversidad de expresiones art\u00edsticas, sin restricciones en cuanto a la multiplicidad de g\u00e9neros y estilos.<\/p>\n<p class=\"v1MsoNormal\">Link de inscripci\u00f3n: <a href=\"https:\/\/turismo.catamarca.gob.ar\/convocatorias-poncho\/\" target=\"_blank\" rel=\"noopener noreferrer\">https:\/\/turismo.catamarca.gob.ar\/convocatorias-poncho\/<\/a><\/p>\n<p class=\"v1MsoNormal\">Por dudas o consultas: <a href=\"mailto:gestioncultural@catamarca.gov.a\" rel=\"noreferrer\">gestioncultural@catamarca.gov.a<\/a>r Asunto: Escenarios Poncho<\/p>\n<p class=\"v1MsoNormal\">\n<p class=\"v1MsoNormal\"><b>Otras convocatorias<\/b><\/p>\n<p class=\"v1MsoNormal\">M\u00e1s adelante la organizaci\u00f3n de la Fiesta har\u00e1 p\u00fablica la convocatoria restante, destinada a food trucks o carros gastron\u00f3micos. Del mismo modo, en junio se abrir\u00e1 la convocatoria de acreditaci\u00f3n de prensa para periodistas y medios interesados en cubrir el festival del Escenario Mayor.<\/p>\n","protected":false},"excerpt":{"rendered":"<p>La organizaci\u00f3n de la 53\u00ba Fiesta Nacional e Internacional del Poncho, a cargo del Ministerio de Cultura, Turismo y Deporte de Catamarca, abri\u00f3 la convocatoria p\u00fablica para artesanos, dise\u00f1adores, productores, manualistas y artistas interesados en formar parte de los distintos espacios y escenarios que tendr\u00e1 la fiesta, programada del 12 al 21 de julio en [&hellip;]<\/p>\n","protected":false},"author":2,"featured_media":456,"comment_status":"open","ping_status":"open","sticky":false,"template":"","format":"standard","meta":{"footnotes":""},"categories":[23,20],"tags":[],"class_list":{"0":"post-455","1":"post","2":"type-post","3":"status-publish","4":"format-standard","5":"has-post-thumbnail","7":"category-destacados","8":"category-sociedad"},"aioseo_notices":[],"_links":{"self":[{"href":"https:\/\/elfaroonline.com.ar\/index.php\/wp-json\/wp\/v2\/posts\/455","targetHints":{"allow":["GET"]}}],"collection":[{"href":"https:\/\/elfaroonline.com.ar\/index.php\/wp-json\/wp\/v2\/posts"}],"about":[{"href":"https:\/\/elfaroonline.com.ar\/index.php\/wp-json\/wp\/v2\/types\/post"}],"author":[{"embeddable":true,"href":"https:\/\/elfaroonline.com.ar\/index.php\/wp-json\/wp\/v2\/users\/2"}],"replies":[{"embeddable":true,"href":"https:\/\/elfaroonline.com.ar\/index.php\/wp-json\/wp\/v2\/comments?post=455"}],"version-history":[{"count":1,"href":"https:\/\/elfaroonline.com.ar\/index.php\/wp-json\/wp\/v2\/posts\/455\/revisions"}],"predecessor-version":[{"id":457,"href":"https:\/\/elfaroonline.com.ar\/index.php\/wp-json\/wp\/v2\/posts\/455\/revisions\/457"}],"wp:featuredmedia":[{"embeddable":true,"href":"https:\/\/elfaroonline.com.ar\/index.php\/wp-json\/wp\/v2\/media\/456"}],"wp:attachment":[{"href":"https:\/\/elfaroonline.com.ar\/index.php\/wp-json\/wp\/v2\/media?parent=455"}],"wp:term":[{"taxonomy":"category","embeddable":true,"href":"https:\/\/elfaroonline.com.ar\/index.php\/wp-json\/wp\/v2\/categories?post=455"},{"taxonomy":"post_tag","embeddable":true,"href":"https:\/\/elfaroonline.com.ar\/index.php\/wp-json\/wp\/v2\/tags?post=455"}],"curies":[{"name":"wp","href":"https:\/\/api.w.org\/{rel}","templated":true}]}}