{"id":458,"date":"2024-05-04T16:51:19","date_gmt":"2024-05-04T19:51:19","guid":{"rendered":"https:\/\/elfaroonline.com.ar\/?p=458"},"modified":"2024-05-04T16:51:19","modified_gmt":"2024-05-04T19:51:19","slug":"el-gobierno-baja-impuestos-a-la-importacion-de-heladeras-lavarropas-neumaticos-e-insumos-plasticos","status":"publish","type":"post","link":"https:\/\/elfaroonline.com.ar\/index.php\/2024\/05\/04\/el-gobierno-baja-impuestos-a-la-importacion-de-heladeras-lavarropas-neumaticos-e-insumos-plasticos\/","title":{"rendered":"El gobierno baja impuestos a la importaci\u00f3n de heladeras, lavarropas, neum\u00e1ticos e insumos pl\u00e1sticos"},"content":{"rendered":"<p class=\"paragraph\" data-mrf-recirculation=\"Links inline\">El vocero presidencial <b>Manuel Adorni<\/b>, uno de los funcionarios de mayor confianza del presidente <b>Javier Milei<\/b>, anunci\u00f3 en su cuenta en la red social X (ex Twitter) que el gobierno reducir\u00e1 los aranceles a la importaci\u00f3n de heladeras, lavarropas, neum\u00e1ticos e insumos pl\u00e1sticos.<\/p>\n<div class=\"news-module\" data-mrf-recirculation=\"IL_2_GB_9O-QPaEgG0T7rEvhQ\" data-testid=\"text-html\" data-mrf-experience=\"IL_2_GB_9O-QPaEgG0T7rEvhQ\">\n<div class=\"recommended-card__info\">\n<p class=\"paragraph\" data-mrf-recirculation=\"Links inline\">Se trata de una nueva vuelta de tuerca en la estrategia oficial de intentar no solo que desacelere la tasa de inflaci\u00f3n, sino que tambi\u00e9n se retrotraigan los niveles de precios de diferentes productos, que a partir de la devaluaci\u00f3n de diciembre y el subsiguiente fogonazo inflacionario aumentaron muy fuertemente respecto de los niveles de ingreso de la poblaci\u00f3n e incluso a partir de enero se encarecieron en d\u00f3lares debido a que las subas de los precios en pesos fueron muy superiores a la pauta de aumento del tipo de cambio oficial. del 2% mensual.<\/p>\n<div class=\"inline ad-wrapper\">\n<div class=\"dfpAd ad-inline\"><\/div>\n<\/div>\n<p class=\"paragraph\" data-mrf-recirculation=\"Links inline\">\u201cEl gobierno ha decidido llevar adelante una reducci\u00f3n en determinados aranceles a la importaci\u00f3n\u201d, anticip\u00f3 Adorni, que se hizo cargo del anuncio, en lugar del ministerio de Econom\u00eda o, m\u00e1s espec\u00edficamente, de la secretar\u00eda de Comercio.<\/p>\n<p class=\"paragraph\" data-mrf-recirculation=\"Links inline\">Las reducciones arancelarias son las siguientes<\/p>\n<p class=\"paragraph\" data-mrf-recirculation=\"Links inline\">-Heladeras y lavarropas: del 35% al 20%.<\/p>\n<p class=\"paragraph\" data-mrf-recirculation=\"Links inline\">\u201cAs\u00ed volver\u00e1n a tener el arancel que comparten los pa\u00edses miembros del Mercosur\u201d, agreg\u00f3 el vocero presidencial.<\/p>\n<p class=\"paragraph\" data-mrf-recirculation=\"Links inline\">&#8211; Neum\u00e1ticos: del 35% al 16 por ciento.<\/p>\n<p class=\"paragraph\" data-mrf-recirculation=\"Links inline\">\u201cEsto representar\u00e1 un alivio para las empresas de fletes y de transporte de personas\u201d, explic\u00f3 Adorni.<\/p>\n<p class=\"paragraph\" data-mrf-recirculation=\"Links inline\">&#8211; Principales insumos pl\u00e1sticos: del 12,6% al 6 por ciento.<\/p>\n<p class=\"paragraph\" data-mrf-recirculation=\"Links inline\">En este \u00faltimo caso la ventaja ser\u00eda la disminuci\u00f3n de costos. \u201cMenos costo, repercusi\u00f3n favorable para los consumidores que demandan los diversos bienes fabricados con insumos pl\u00e1sticos (que van desde envases de alimentos y productos de higiene personal hasta electrodom\u00e9sticos y juguetes)\u201d, fundament\u00f3 Adorni.<\/p>\n<p class=\"paragraph\" data-mrf-recirculation=\"Links inline\">En definitiva, concluy\u00f3, \u201cesto implica mejores precios y un mayor nivel de competencia en el mercado que nos beneficiar\u00e1 a todos. El paso es firme\u201d.<\/p>\n<\/div>\n<\/div>\n","protected":false},"excerpt":{"rendered":"<p>El vocero presidencial Manuel Adorni, uno de los funcionarios de mayor confianza del presidente Javier Milei, anunci\u00f3 en su cuenta en la red social X (ex Twitter) que el gobierno reducir\u00e1 los aranceles a la importaci\u00f3n de heladeras, lavarropas, neum\u00e1ticos e insumos pl\u00e1sticos. Se trata de una nueva vuelta de tuerca en la estrategia oficial [&hellip;]<\/p>\n","protected":false},"author":2,"featured_media":459,"comment_status":"open","ping_status":"open","sticky":false,"template":"","format":"standard","meta":{"footnotes":""},"categories":[23,22],"tags":[],"class_list":{"0":"post-458","1":"post","2":"type-post","3":"status-publish","4":"format-standard","5":"has-post-thumbnail","7":"category-destacados","8":"category-nacionales"},"aioseo_notices":[],"_links":{"self":[{"href":"https:\/\/elfaroonline.com.ar\/index.php\/wp-json\/wp\/v2\/posts\/458","targetHints":{"allow":["GET"]}}],"collection":[{"href":"https:\/\/elfaroonline.com.ar\/index.php\/wp-json\/wp\/v2\/posts"}],"about":[{"href":"https:\/\/elfaroonline.com.ar\/index.php\/wp-json\/wp\/v2\/types\/post"}],"author":[{"embeddable":true,"href":"https:\/\/elfaroonline.com.ar\/index.php\/wp-json\/wp\/v2\/users\/2"}],"replies":[{"embeddable":true,"href":"https:\/\/elfaroonline.com.ar\/index.php\/wp-json\/wp\/v2\/comments?post=458"}],"version-history":[{"count":1,"href":"https:\/\/elfaroonline.com.ar\/index.php\/wp-json\/wp\/v2\/posts\/458\/revisions"}],"predecessor-version":[{"id":460,"href":"https:\/\/elfaroonline.com.ar\/index.php\/wp-json\/wp\/v2\/posts\/458\/revisions\/460"}],"wp:featuredmedia":[{"embeddable":true,"href":"https:\/\/elfaroonline.com.ar\/index.php\/wp-json\/wp\/v2\/media\/459"}],"wp:attachment":[{"href":"https:\/\/elfaroonline.com.ar\/index.php\/wp-json\/wp\/v2\/media?parent=458"}],"wp:term":[{"taxonomy":"category","embeddable":true,"href":"https:\/\/elfaroonline.com.ar\/index.php\/wp-json\/wp\/v2\/categories?post=458"},{"taxonomy":"post_tag","embeddable":true,"href":"https:\/\/elfaroonline.com.ar\/index.php\/wp-json\/wp\/v2\/tags?post=458"}],"curies":[{"name":"wp","href":"https:\/\/api.w.org\/{rel}","templated":true}]}}