{"id":4600,"date":"2025-09-29T19:34:30","date_gmt":"2025-09-29T22:34:30","guid":{"rendered":"https:\/\/elfaroonline.com.ar\/?p=4600"},"modified":"2025-09-29T19:34:30","modified_gmt":"2025-09-29T22:34:30","slug":"horarios-para-visitar-cata-el-nuevo-centro-de-arte-y-tecnologia-de-catamarca","status":"publish","type":"post","link":"https:\/\/elfaroonline.com.ar\/index.php\/2025\/09\/29\/horarios-para-visitar-cata-el-nuevo-centro-de-arte-y-tecnologia-de-catamarca\/","title":{"rendered":"Horarios para visitar CATA, el nuevo centro de arte y tecnolog\u00eda de Catamarca"},"content":{"rendered":"<p class=\"v1MsoNormal\">El <b>Centro de Arte y Tecnolog\u00eda Aplicada (CATA)<\/b>, recientemente inaugurado en la hist\u00f3rica Casa de Gobierno, ya puede visitarse con <b>entrada libre y gratuita<\/b>. Ubicado en <b>Sarmiento y Rep\u00fablica<\/b>, en pleno centro de la capital catamarque\u00f1a, CATA invita a descubrir la identidad catamarque\u00f1a a trav\u00e9s de experiencias sensoriales, interactivas y tecnol\u00f3gicas.<\/p>\n<p class=\"v1MsoNormal\">El espacio abre <b>de martes a viernes, de 9 a 14 y de 15 a 20 horas<\/b>, y los <b>s\u00e1bados y domingos de 17 a 21 horas<\/b>. <b>Los lunes no abre al p\u00fablico.<\/b><\/p>\n<p class=\"v1MsoNormal\">Con una propuesta que combina arte, patrimonio y tecnolog\u00eda, <b>CATA es el nuevo atractivo cultural y tur\u00edstico<\/b> de la provincia e invita a catamarque\u00f1os y turistas a recorrer un edificio emblem\u00e1tico que une historia y modernidad y que permite a trav\u00e9s de su narrativa conocer la cultura, el turismo y la faz productiva de la provincia en una experiencia sensorial e interactiva \u00fanica.<\/p>\n<p class=\"v1MsoNormal\">Con reserva. Las <b>visitas escolares, grupales o de contingentes <\/b>deben coordinarse con anticipaci\u00f3n enviando un mensaje de <b>WhatsApp al <a href=\"tel:383 4220467\">383 4220467<\/a><\/b>, para reservar d\u00eda y horario.<\/p>\n","protected":false},"excerpt":{"rendered":"<p>El Centro de Arte y Tecnolog\u00eda Aplicada (CATA), recientemente inaugurado en la hist\u00f3rica Casa de Gobierno, ya puede visitarse con entrada libre y gratuita. Ubicado en Sarmiento y Rep\u00fablica, en pleno centro de la capital catamarque\u00f1a, CATA invita a descubrir la identidad catamarque\u00f1a a trav\u00e9s de experiencias sensoriales, interactivas y tecnol\u00f3gicas. El espacio abre de [&hellip;]<\/p>\n","protected":false},"author":2,"featured_media":4601,"comment_status":"open","ping_status":"open","sticky":false,"template":"","format":"standard","meta":{"footnotes":""},"categories":[20],"tags":[],"class_list":{"0":"post-4600","1":"post","2":"type-post","3":"status-publish","4":"format-standard","5":"has-post-thumbnail","7":"category-sociedad"},"aioseo_notices":[],"_links":{"self":[{"href":"https:\/\/elfaroonline.com.ar\/index.php\/wp-json\/wp\/v2\/posts\/4600","targetHints":{"allow":["GET"]}}],"collection":[{"href":"https:\/\/elfaroonline.com.ar\/index.php\/wp-json\/wp\/v2\/posts"}],"about":[{"href":"https:\/\/elfaroonline.com.ar\/index.php\/wp-json\/wp\/v2\/types\/post"}],"author":[{"embeddable":true,"href":"https:\/\/elfaroonline.com.ar\/index.php\/wp-json\/wp\/v2\/users\/2"}],"replies":[{"embeddable":true,"href":"https:\/\/elfaroonline.com.ar\/index.php\/wp-json\/wp\/v2\/comments?post=4600"}],"version-history":[{"count":1,"href":"https:\/\/elfaroonline.com.ar\/index.php\/wp-json\/wp\/v2\/posts\/4600\/revisions"}],"predecessor-version":[{"id":4602,"href":"https:\/\/elfaroonline.com.ar\/index.php\/wp-json\/wp\/v2\/posts\/4600\/revisions\/4602"}],"wp:featuredmedia":[{"embeddable":true,"href":"https:\/\/elfaroonline.com.ar\/index.php\/wp-json\/wp\/v2\/media\/4601"}],"wp:attachment":[{"href":"https:\/\/elfaroonline.com.ar\/index.php\/wp-json\/wp\/v2\/media?parent=4600"}],"wp:term":[{"taxonomy":"category","embeddable":true,"href":"https:\/\/elfaroonline.com.ar\/index.php\/wp-json\/wp\/v2\/categories?post=4600"},{"taxonomy":"post_tag","embeddable":true,"href":"https:\/\/elfaroonline.com.ar\/index.php\/wp-json\/wp\/v2\/tags?post=4600"}],"curies":[{"name":"wp","href":"https:\/\/api.w.org\/{rel}","templated":true}]}}